{"id":12484,"date":"2018-11-22T17:59:07","date_gmt":"2018-11-22T16:59:07","guid":{"rendered":"https:\/\/www.cronoshare.com\/blog\/?p=12484"},"modified":"2018-11-22T17:59:07","modified_gmt":"2018-11-22T16:59:07","slug":"profesionales-destacados-cronoshare-entrevista-andreia-franco","status":"publish","type":"post","link":"https:\/\/www.cronoshare.com\/blog\/profesionales-destacados-cronoshare-entrevista-andreia-franco\/","title":{"rendered":"Profesionales Destacados de Cronoshare: Entrevista a Andreia Franco"},"content":{"rendered":"<p><a href=\"https:\/\/www.cronoshare.com\/croner-1523944-andreia-f\" target=\"_blank\">Andreia Franco<\/a> es peluquera y maquilladora profesional desde hace 7 a\u00f1os. Siempre le han apasionado las artes, sobre todo el dibujo y la pintura. <\/p>\n<p>Nos cuenta que antes de dedicarse al mundo de la belleza y la est\u00e9tica ten\u00eda otra profesi\u00f3n, pero decidi\u00f3 dar el paso de seguir su vocaci\u00f3n. Deseaba poder combinar su amor por la belleza con la satisfacci\u00f3n que le proporciona el trato humano con las clientas y conseguir hacerlas sentir felices y seguras de s\u00ed mismas. <\/p>\n<p>Tanto en lo personal como en lo profesional, se describe como una persona muy perfeccionista y muy humana, que se entrega al 200%. No puede imaginarse realizando otra profesi\u00f3n m\u00e1s que esta, la cual adora debido a las alegr\u00edas que le proporciona. <\/p>\n<p>Cada mensaje que recibe, cada feedback de una clienta satisfecha, una novia feliz en el d\u00eda m\u00e1s grande de su vida, una madre orgullosa, unos ni\u00f1os disfrutando&#8230; Cada persona que le comunica su satisfacci\u00f3n y felicidad, es lo que le llena.<\/p>\n<p><img loading=\"lazy\" src=\"https:\/\/www.cronoshare.com\/blog\/wp-content\/uploads\/2018\/11\/Profesionales-Destacados-Andyda-Trendy-Makeup.jpg\" alt=\"Profesionales Destacados Andreia Franco\" width=\"720\" height=\"400\" class=\"alignnone size-full wp-image-12485\" \/><\/p>\n<p><strong>Andreia Franco<\/strong> protagoniza esta vez la secci\u00f3n de <strong><a href=\"https:\/\/www.cronoshare.com\/blog\/tag\/entrevistas\/\" rel=\"noopener\" target=\"_blank\">entrevistas a los profesionales destacados de Cronoshare<\/a><\/strong>. Aqu\u00ed daremos mensualmente voz a los mejores profesionales que han confiado en <a title=\"Encuentra clientes cercanos a ti para tu negocio\" href=\"https:\/\/www.cronoshare.com\/registrar-empresa?ctm_source=blog&#038;ctm_medium=blog&#038;ctm_campaign=profesionales-destacados-cronoshare-entrevista-andreia-franco\" target=\"_blank\">Cronoshare<\/a>.  <\/p>\n<p>As\u00ed, nos contar\u00e1n sus experiencias y an\u00e9cdotas y ofrecer\u00e1n sus mejores consejos a toda la comunidad de profesionales.<\/p>\n<div class=\"message_box announce txt-center\">\n<strong>\u00bfQuieres empezar a conseguir clientes para tu negocio?<\/strong><br \/>\n<br \/><a class=\"btn btn-naranja btn-lg\" href=\"https:\/\/www.cronoshare.com\/registrar-empresa?ctm_source=blog&#038;ctm_medium=blog&#038;ctm_campaign=profesionales-destacados-cronoshare-entrevista-andreia-franco\">REG\u00cdSTRATE GRATIS<\/a><\/div>\n<div class=\"border-gray\" style=\"display:table; width:100%;\">\n<div style=\"width:80%; display:table-cell; vertical-align: top;\">\n<p><strong>Nombre: <\/strong>Andreia Franco<\/p>\n<p><strong>Sector profesional:<\/strong> Peluquer\u00eda y maquillaje<\/p>\n<p><strong>Zona de trabajo:<\/strong> M\u00e1laga<\/p>\n<p><strong>Valoraci\u00f3n media de clientes:<\/strong> 10<\/p>\n<\/div>\n<div style=\"width:20%; display:table-cell;\">\n<p><script id=cronoscript src=https:\/\/www.cronoshare.com\/assets\/cronoSealWidget-ba977fd463539c4e3a5e7cec83eb3f99.js type=text\/javascript domain=https:\/\/www.cronoshare.com csspath=\/assets\/cronoSealWidget-52f5233eb11e6c3ed182e1da0bd37823.css><\/script><a href=\"https:\/\/www.cronoshare.com\/croner-1523944-andreia-f\" target=_blank title=\"Mira el perfil de Andreia Franco, Maquilladora profesional en Cronoshare\" class=cronoWidget style=\"display: block; width: 186px; height: 186px\"><img class=cronoWidget src=https:\/\/www.cronoshare.com\/assets\/badges\/round-b-es-2018-affae3b74f794e73a4f6a2fc94ab5939.svg style=\"width: 186px; height: 186px\"><\/a><\/p>\n<\/div>\n<\/div>\n<p><\/p>\n<h1>Profesionales Destacados de Cronoshare: Andreia Franco<\/h1>\n<p><strong>\u00bfC\u00f3mo y cu\u00e1ndo decidiste empezar a colaborar en Cronoshare? \u00bfCon qu\u00e9 frecuencia utilizas la plataforma?<\/strong><\/p>\n<p>Siempre he trabajado como peluquera y maquilladora freelance a trav\u00e9s de contactos que amablemente me recomendaban, pero esta primavera descubr\u00ed en un diario de tirada nacional la aplicaci\u00f3n Cronoshare y estoy muy contenta de haber encontrado esta aplicaci\u00f3n. De hecho, la utilizo a diario.<\/p>\n<p><strong>\u00bfQu\u00e9 te gusta de tu trabajo? \u00bfQu\u00e9 te diferencia del resto de profesionales de tu sector?<\/strong><\/p>\n<p>Me encanta ayudar a las mujeres a sacar lo mejor de ellas mismas, contribuyendo a su felicidad en ocasiones para recordar. Si una mujer se siente bella pero sigue siendo ella misma, se siente segura y se siente bien. Y yo tambi\u00e9n. <\/p>\n<p>\u00bfQu\u00e9 me diferencia? Bueno, yo solo trato de hacer mi trabajo lo mejor posible, para lo que previamente me gusta establecer una relaci\u00f3n de confianza con la clienta, sus gustos, c\u00f3mo se siente c\u00f3moda, etc. Antes de comenzar, siempre realizo un estudio previo de visagismo de la persona, de manera que despu\u00e9s resulta m\u00e1s sencillo realzar su belleza, al conocer bien sus facciones y proporciones.<\/p>\n<p><strong>\u00bfQu\u00e9 desear\u00edas haber sabido cuando comenzaste a usar Cronoshare?<\/strong><\/p>\n<p>Probablemente, conocer el mercado de la zona en la que resido y el rango estimado de estos servicios.<\/p>\n<p><strong>\u00bfCu\u00e1ntos clientes o trabajos has conseguido con nosotros? Pon algunos ejemplos si los recuerdas.<\/strong><\/p>\n<p>Afortunadamente, hasta el momento he atendido a 12 clientas: novias, invitadas de boda y maquillajes de fantas\u00eda y terror en Halloween. Admito que la caracterizaci\u00f3n es una de mis debilidades \ud83d\ude09 <\/p>\n<p>Si me preguntas por un ejemplo&#8230; Nunca olvidar\u00e9 a mi segunda clienta. Aparte de transmitirme un tremendo orgullo por el trabajo realizado, me sent\u00ed muy feliz de poder sacarle una sonrisa a una novia que tuvo un momento de debilidad momentos antes de su boda al recordar a su difunto padre, cuando le record\u00e9 que el maquillaje era resistente al agua.<\/p>\n<div class=\"message_box note txt-center\">\n<img loading=\"lazy\" src=\"https:\/\/www.cronoshare.com\/blog\/wp-content\/uploads\/2017\/10\/stars.png\" alt=\"stars\" width=\"250\" height=\"44\" class=\"aligncenter size-full wp-image-4701\" \/><\/p>\n<p><strong>Opini\u00f3n de cliente destacada<\/strong><br \/>\n<left>Jose ha opinado: Muy profesional, encantado&#8230; la recomiendo sin dudas. <\/left><br \/>\n<center><strong>Nota: 10<\/strong><br \/>\nJose, 03-11-2018<\/center>\n<\/div>\n<p><strong>\u00bfQu\u00e9 pasos o m\u00e9todo sigues para contactar y\/o conseguir un cliente o trabajo?<\/strong><\/p>\n<p>Mi receta para el \u00e9xito es la rapidez en la respuesta. Siempre estoy pendiente del m\u00f3vil, y enseguida me pongo en contacto con la persona. Adem\u00e1s, me gusta obtener el m\u00e1ximo n\u00famero de detalles lo antes posible para poder elaborar un presupuesto r\u00e1pidamente. De esta manera, les explico mi m\u00e9todo de trabajo y remito mi portfolio. <\/p>\n<p><strong>\u00bfTienes alguna an\u00e9cdota interesante sobre alg\u00fan cliente? <\/strong><\/p>\n<p>Bueno, me sent\u00ed super halagada y un poquito sin saber d\u00f3nde meterme cuando, justo al terminar los \u00faltimos retoques antes de subir al altar, el novio  vio a su prometida y nos dijo que nunca la hab\u00eda visto tan guap\u00edsima, y que quiz\u00e1 le hubiera pedido la mano incluso antes. <\/p>\n<p><strong>\u00bfQu\u00e9 consejos le dar\u00edas a los profesionales que quieren empezar a colaborar en Cronoshare?<\/strong><\/p>\n<p>Siempre les insisto en la importancia de la rapidez en la respuesta y en informar a las clientas sobre su experiencia, m\u00e9todo de trabajo y productos utilizados, ya que es de capital importancia. La sinceridad es la clave, y que no tengan dudas.<\/p>\n<div class=\"message_box announce txt-center\">\n<strong>\u00bfQuieres empezar a conseguir clientes para tu negocio?<\/strong><br \/>\n<br \/><a class=\"btn btn-naranja btn-lg\" href=\"https:\/\/www.cronoshare.com\/registrar-empresa?ctm_source=blog&#038;ctm_medium=blog&#038;ctm_campaign=profesionales-destacados-cronoshare-entrevista-andreia-franco\">REG\u00cdSTRATE GRATIS<\/a><\/div>\n<div class=\"message_box box-interview\">\n<img loading=\"lazy\" src=\"https:\/\/www.cronoshare.com\/blog\/wp-content\/uploads\/2018\/09\/ico_interview.png\" alt=\"ico_interview\" width=\"40\" height=\"40\" class=\"alignleft size-full wp-image-10016\" \/><\/p>\n<p style=\"font-size:14px;\">Si eres un profesional de Cronoshare y quieres aparecer en nuestra secci\u00f3n de Profesionales Destacados, puedes obtener m\u00e1s informaci\u00f3n sobre c\u00f3mo conseguirlo a trav\u00e9s de <a href=\"https:\/\/soporte.cronoshare.com\/hc\/es\/articles\/360015325872\">este enlace<\/a>.<\/p>\n<\/div>\n","protected":false},"excerpt":{"rendered":"<p>Andreia Franco es peluquera y maquilladora profesional desde hace 7 a\u00f1os. Siempre le han apasionado las artes, sobre todo el dibujo y la pintura. Nos cuenta que antes de dedicarse al mundo de la belleza y la est\u00e9tica ten\u00eda otra profesi\u00f3n, pero decidi\u00f3 dar el paso de seguir su vocaci\u00f3n. Deseaba poder combinar su amor [&hellip;]<\/p>\n","protected":false},"author":9,"featured_media":12485,"comment_status":"open","ping_status":"closed","sticky":false,"template":"","format":"standard","meta":[],"categories":[3211],"tags":[3210],"yoast_head":"<!-- This site is optimized with the Yoast SEO Premium plugin v18.8 (Yoast SEO v19.2) - https:\/\/yoast.com\/wordpress\/plugins\/seo\/ -->\n<title>Profesionales Destacados de Cronoshare: Entrevista a Andreia Franco<\/title>\n<meta name=\"description\" content=\"Andreia Franco es una peluquera y maquilladora profesional que protagoniza esta vez la secci\u00f3n de Profesionales Destacados. \u00a1Entra a conocerla!\" \/>\n<meta name=\"robots\" content=\"index, follow, max-snippet:-1, max-image-preview:large, max-video-preview:-1\" \/>\n<link rel=\"canonical\" href=\"https:\/\/www.cronoshare.com\/blog\/profesionales-destacados-cronoshare-entrevista-andreia-franco\/\" \/>\n<meta property=\"og:locale\" content=\"es_ES\" \/>\n<meta property=\"og:type\" content=\"article\" \/>\n<meta property=\"og:title\" content=\"Profesionales Destacados de Cronoshare: Entrevista a Andreia Franco\" \/>\n<meta property=\"og:description\" content=\"Andreia Franco es una peluquera y maquilladora profesional que protagoniza esta vez la secci\u00f3n de Profesionales Destacados. \u00a1Entra a conocerla!\" \/>\n<meta property=\"og:url\" content=\"https:\/\/www.cronoshare.com\/blog\/profesionales-destacados-cronoshare-entrevista-andreia-franco\/\" \/>\n<meta property=\"og:site_name\" content=\"Blog de Cronoshare\" \/>\n<meta property=\"article:published_time\" content=\"2018-11-22T16:59:07+00:00\" \/>\n<meta property=\"og:image\" content=\"https:\/\/www.cronoshare.com\/blog\/wp-content\/uploads\/2018\/11\/Profesionales-Destacados-Andyda-Trendy-Makeup.jpg\" \/>\n\t<meta property=\"og:image:width\" content=\"720\" \/>\n\t<meta property=\"og:image:height\" content=\"400\" \/>\n\t<meta property=\"og:image:type\" content=\"image\/jpeg\" \/>\n<meta name=\"author\" content=\"Celia Arroyo\" \/>\n<meta name=\"twitter:card\" content=\"summary\" \/>\n<meta name=\"twitter:label1\" content=\"Escrito por\" \/>\n\t<meta name=\"twitter:data1\" content=\"Celia Arroyo\" \/>\n\t<meta name=\"twitter:label2\" content=\"Tiempo de lectura\" \/>\n\t<meta name=\"twitter:data2\" content=\"4 minutos\" \/>\n<script type=\"application\/ld+json\" class=\"yoast-schema-graph\">{\"@context\":\"https:\/\/schema.org\",\"@graph\":[{\"@type\":\"WebSite\",\"@id\":\"https:\/\/www.cronoshare.com\/blog\/#website\",\"url\":\"https:\/\/www.cronoshare.com\/blog\/\",\"name\":\"Blog de Cronoshare\",\"description\":\"Encuentra los Mejores Profesionales de Servicios Locales\",\"potentialAction\":[{\"@type\":\"SearchAction\",\"target\":{\"@type\":\"EntryPoint\",\"urlTemplate\":\"https:\/\/www.cronoshare.com\/blog\/?s={search_term_string}\"},\"query-input\":\"required name=search_term_string\"}],\"inLanguage\":\"es\"},{\"@type\":\"ImageObject\",\"inLanguage\":\"es\",\"@id\":\"https:\/\/www.cronoshare.com\/blog\/profesionales-destacados-cronoshare-entrevista-andreia-franco\/#primaryimage\",\"url\":\"https:\/\/www.cronoshare.com\/blog\/wp-content\/uploads\/2018\/11\/Profesionales-Destacados-Andyda-Trendy-Makeup.jpg\",\"contentUrl\":\"https:\/\/www.cronoshare.com\/blog\/wp-content\/uploads\/2018\/11\/Profesionales-Destacados-Andyda-Trendy-Makeup.jpg\",\"width\":720,\"height\":400,\"caption\":\"Profesionales Destacados Andreia Franco\"},{\"@type\":\"WebPage\",\"@id\":\"https:\/\/www.cronoshare.com\/blog\/profesionales-destacados-cronoshare-entrevista-andreia-franco\/#webpage\",\"url\":\"https:\/\/www.cronoshare.com\/blog\/profesionales-destacados-cronoshare-entrevista-andreia-franco\/\",\"name\":\"Profesionales Destacados de Cronoshare: Entrevista a Andreia Franco\",\"isPartOf\":{\"@id\":\"https:\/\/www.cronoshare.com\/blog\/#website\"},\"primaryImageOfPage\":{\"@id\":\"https:\/\/www.cronoshare.com\/blog\/profesionales-destacados-cronoshare-entrevista-andreia-franco\/#primaryimage\"},\"datePublished\":\"2018-11-22T16:59:07+00:00\",\"dateModified\":\"2018-11-22T16:59:07+00:00\",\"author\":{\"@id\":\"https:\/\/www.cronoshare.com\/blog\/#\/schema\/person\/d7c2f8b2690d6f9815a9d2f7999c36f9\"},\"description\":\"Andreia Franco es una peluquera y maquilladora profesional que protagoniza esta vez la secci\u00f3n de Profesionales Destacados. \u00a1Entra a conocerla!\",\"breadcrumb\":{\"@id\":\"https:\/\/www.cronoshare.com\/blog\/profesionales-destacados-cronoshare-entrevista-andreia-franco\/#breadcrumb\"},\"inLanguage\":\"es\",\"potentialAction\":[{\"@type\":\"ReadAction\",\"target\":[\"https:\/\/www.cronoshare.com\/blog\/profesionales-destacados-cronoshare-entrevista-andreia-franco\/\"]}]},{\"@type\":\"BreadcrumbList\",\"@id\":\"https:\/\/www.cronoshare.com\/blog\/profesionales-destacados-cronoshare-entrevista-andreia-franco\/#breadcrumb\",\"itemListElement\":[{\"@type\":\"ListItem\",\"position\":1,\"name\":\"Portada\",\"item\":\"https:\/\/www.cronoshare.com\/blog\/\"},{\"@type\":\"ListItem\",\"position\":2,\"name\":\"Profesionales Destacados de Cronoshare: Entrevista a Andreia Franco\"}]},{\"@type\":\"Person\",\"@id\":\"https:\/\/www.cronoshare.com\/blog\/#\/schema\/person\/d7c2f8b2690d6f9815a9d2f7999c36f9\",\"name\":\"Celia Arroyo\",\"image\":{\"@type\":\"ImageObject\",\"inLanguage\":\"es\",\"@id\":\"https:\/\/www.cronoshare.com\/blog\/#\/schema\/person\/image\/\",\"url\":\"https:\/\/secure.gravatar.com\/avatar\/fe09dd60bd27aab7079a1254b45b95d3?s=96&d=mm&r=g\",\"contentUrl\":\"https:\/\/secure.gravatar.com\/avatar\/fe09dd60bd27aab7079a1254b45b95d3?s=96&d=mm&r=g\",\"caption\":\"Celia Arroyo\"},\"description\":\"Digital Marketing Assistant en Cronoshare. Su amor por la escritura la impuls\u00f3 a estudiar el Grado de Estudios Hisp\u00e1nicos en la Universidad de Valencia. M\u00e1s tarde se adentr\u00f3 en el mundo del Marketing de la mano de la Escuela de Organizaci\u00f3n Industrial y ha seguido especializ\u00e1ndose en la redacci\u00f3n de contenidos a trav\u00e9s de m\u00faltiples cursos.\",\"url\":\"https:\/\/www.cronoshare.com\/blog\/author\/celia\/\"}]}<\/script>\n<!-- \/ Yoast SEO Premium plugin. -->","yoast_head_json":{"title":"Profesionales Destacados de Cronoshare: Entrevista a Andreia Franco","description":"Andreia Franco es una peluquera y maquilladora profesional que protagoniza esta vez la secci\u00f3n de Profesionales Destacados. \u00a1Entra a conocerla!","robots":{"index":"index","follow":"follow","max-snippet":"max-snippet:-1","max-image-preview":"max-image-preview:large","max-video-preview":"max-video-preview:-1"},"canonical":"https:\/\/www.cronoshare.com\/blog\/profesionales-destacados-cronoshare-entrevista-andreia-franco\/","og_locale":"es_ES","og_type":"article","og_title":"Profesionales Destacados de Cronoshare: Entrevista a Andreia Franco","og_description":"Andreia Franco es una peluquera y maquilladora profesional que protagoniza esta vez la secci\u00f3n de Profesionales Destacados. \u00a1Entra a conocerla!","og_url":"https:\/\/www.cronoshare.com\/blog\/profesionales-destacados-cronoshare-entrevista-andreia-franco\/","og_site_name":"Blog de Cronoshare","article_published_time":"2018-11-22T16:59:07+00:00","og_image":[{"width":720,"height":400,"url":"https:\/\/www.cronoshare.com\/blog\/wp-content\/uploads\/2018\/11\/Profesionales-Destacados-Andyda-Trendy-Makeup.jpg","type":"image\/jpeg"}],"author":"Celia Arroyo","twitter_card":"summary","twitter_misc":{"Escrito por":"Celia Arroyo","Tiempo de lectura":"4 minutos"},"schema":{"@context":"https:\/\/schema.org","@graph":[{"@type":"WebSite","@id":"https:\/\/www.cronoshare.com\/blog\/#website","url":"https:\/\/www.cronoshare.com\/blog\/","name":"Blog de Cronoshare","description":"Encuentra los Mejores Profesionales de Servicios Locales","potentialAction":[{"@type":"SearchAction","target":{"@type":"EntryPoint","urlTemplate":"https:\/\/www.cronoshare.com\/blog\/?s={search_term_string}"},"query-input":"required name=search_term_string"}],"inLanguage":"es"},{"@type":"ImageObject","inLanguage":"es","@id":"https:\/\/www.cronoshare.com\/blog\/profesionales-destacados-cronoshare-entrevista-andreia-franco\/#primaryimage","url":"https:\/\/www.cronoshare.com\/blog\/wp-content\/uploads\/2018\/11\/Profesionales-Destacados-Andyda-Trendy-Makeup.jpg","contentUrl":"https:\/\/www.cronoshare.com\/blog\/wp-content\/uploads\/2018\/11\/Profesionales-Destacados-Andyda-Trendy-Makeup.jpg","width":720,"height":400,"caption":"Profesionales Destacados Andreia Franco"},{"@type":"WebPage","@id":"https:\/\/www.cronoshare.com\/blog\/profesionales-destacados-cronoshare-entrevista-andreia-franco\/#webpage","url":"https:\/\/www.cronoshare.com\/blog\/profesionales-destacados-cronoshare-entrevista-andreia-franco\/","name":"Profesionales Destacados de Cronoshare: Entrevista a Andreia Franco","isPartOf":{"@id":"https:\/\/www.cronoshare.com\/blog\/#website"},"primaryImageOfPage":{"@id":"https:\/\/www.cronoshare.com\/blog\/profesionales-destacados-cronoshare-entrevista-andreia-franco\/#primaryimage"},"datePublished":"2018-11-22T16:59:07+00:00","dateModified":"2018-11-22T16:59:07+00:00","author":{"@id":"https:\/\/www.cronoshare.com\/blog\/#\/schema\/person\/d7c2f8b2690d6f9815a9d2f7999c36f9"},"description":"Andreia Franco es una peluquera y maquilladora profesional que protagoniza esta vez la secci\u00f3n de Profesionales Destacados. \u00a1Entra a conocerla!","breadcrumb":{"@id":"https:\/\/www.cronoshare.com\/blog\/profesionales-destacados-cronoshare-entrevista-andreia-franco\/#breadcrumb"},"inLanguage":"es","potentialAction":[{"@type":"ReadAction","target":["https:\/\/www.cronoshare.com\/blog\/profesionales-destacados-cronoshare-entrevista-andreia-franco\/"]}]},{"@type":"BreadcrumbList","@id":"https:\/\/www.cronoshare.com\/blog\/profesionales-destacados-cronoshare-entrevista-andreia-franco\/#breadcrumb","itemListElement":[{"@type":"ListItem","position":1,"name":"Portada","item":"https:\/\/www.cronoshare.com\/blog\/"},{"@type":"ListItem","position":2,"name":"Profesionales Destacados de Cronoshare: Entrevista a Andreia Franco"}]},{"@type":"Person","@id":"https:\/\/www.cronoshare.com\/blog\/#\/schema\/person\/d7c2f8b2690d6f9815a9d2f7999c36f9","name":"Celia Arroyo","image":{"@type":"ImageObject","inLanguage":"es","@id":"https:\/\/www.cronoshare.com\/blog\/#\/schema\/person\/image\/","url":"https:\/\/secure.gravatar.com\/avatar\/fe09dd60bd27aab7079a1254b45b95d3?s=96&d=mm&r=g","contentUrl":"https:\/\/secure.gravatar.com\/avatar\/fe09dd60bd27aab7079a1254b45b95d3?s=96&d=mm&r=g","caption":"Celia Arroyo"},"description":"Digital Marketing Assistant en Cronoshare. Su amor por la escritura la impuls\u00f3 a estudiar el Grado de Estudios Hisp\u00e1nicos en la Universidad de Valencia. M\u00e1s tarde se adentr\u00f3 en el mundo del Marketing de la mano de la Escuela de Organizaci\u00f3n Industrial y ha seguido especializ\u00e1ndose en la redacci\u00f3n de contenidos a trav\u00e9s de m\u00faltiples cursos.","url":"https:\/\/www.cronoshare.com\/blog\/author\/celia\/"}]}},"_links":{"self":[{"href":"https:\/\/www.cronoshare.com\/blog\/wp-json\/wp\/v2\/posts\/12484"}],"collection":[{"href":"https:\/\/www.cronoshare.com\/blog\/wp-json\/wp\/v2\/posts"}],"about":[{"href":"https:\/\/www.cronoshare.com\/blog\/wp-json\/wp\/v2\/types\/post"}],"author":[{"embeddable":true,"href":"https:\/\/www.cronoshare.com\/blog\/wp-json\/wp\/v2\/users\/9"}],"replies":[{"embeddable":true,"href":"https:\/\/www.cronoshare.com\/blog\/wp-json\/wp\/v2\/comments?post=12484"}],"version-history":[{"count":3,"href":"https:\/\/www.cronoshare.com\/blog\/wp-json\/wp\/v2\/posts\/12484\/revisions"}],"predecessor-version":[{"id":12489,"href":"https:\/\/www.cronoshare.com\/blog\/wp-json\/wp\/v2\/posts\/12484\/revisions\/12489"}],"wp:featuredmedia":[{"embeddable":true,"href":"https:\/\/www.cronoshare.com\/blog\/wp-json\/wp\/v2\/media\/12485"}],"wp:attachment":[{"href":"https:\/\/www.cronoshare.com\/blog\/wp-json\/wp\/v2\/media?parent=12484"}],"wp:term":[{"taxonomy":"category","embeddable":true,"href":"https:\/\/www.cronoshare.com\/blog\/wp-json\/wp\/v2\/categories?post=12484"},{"taxonomy":"post_tag","embeddable":true,"href":"https:\/\/www.cronoshare.com\/blog\/wp-json\/wp\/v2\/tags?post=12484"}],"curies":[{"name":"wp","href":"https:\/\/api.w.org\/{rel}","templated":true}]}}