{"id":16484,"date":"2019-06-13T18:35:32","date_gmt":"2019-06-13T16:35:32","guid":{"rendered":"https:\/\/www.cronoshare.com\/blog\/?p=16484"},"modified":"2019-07-04T16:11:09","modified_gmt":"2019-07-04T14:11:09","slug":"profesionales-destacados-cronoshare-entrevista-silvia-albil","status":"publish","type":"post","link":"https:\/\/www.cronoshare.com\/blog\/profesionales-destacados-cronoshare-entrevista-silvia-albil\/","title":{"rendered":"Profesionales Destacados de Cronoshare: Entrevista a Silvia Albil"},"content":{"rendered":"<p><a href=\"https:\/\/www.cronoshare.com\/croner-2005752-silvia-albil\">Silvia Albil<\/a> es maquilladora para eventos. Nos cuenta que este es su cuarto a\u00f1o acompa\u00f1ando a novias, madrinas e invitadas.<\/p>\n<p>Tambi\u00e9n nos indica que este a\u00f1o y por petici\u00f3n de sus clientas ha incluido entre sus servicios el peinado para ofrecerles una experiencia mas c\u00f3moda y completa.<\/p>\n<p><img loading=\"lazy\" src=\"https:\/\/www.cronoshare.com\/blog\/wp-content\/uploads\/2019\/06\/Profesionales-Destacados-Silvia-Albil2.jpg\" alt=\"Profesionales Destacados Silvia Albil\" width=\"720\" height=\"400\" class=\"alignnone size-full wp-image-16485\" \/><\/p>\n<p><strong>Silvia Albil<\/strong> protagoniza esta vez la secci\u00f3n de <strong><a href=\"https:\/\/www.cronoshare.com\/blog\/tag\/entrevistas\/\" target=\"_blank\" rel=\"noopener\">entrevistas a los profesionales destacados de Cronoshare<\/a><\/strong>. Aqu\u00ed daremos mensualmente voz a los mejores profesionales que han confiado en <a title=\"Encuentra clientes cercanos a ti para tu negocio\" href=\"https:\/\/www.cronoshare.com\/registrar-empresa?ctm_source=blog&amp;ctm_medium=blog&amp;ctm_campaign=profesionales-destacados-cronoshare-entrevista-silvia-albil\" target=\"_blank\" rel=\"noopener\">Cronoshare<\/a>.<\/p>\n<p>As\u00ed, nos contar\u00e1n sus experiencias y an\u00e9cdotas y ofrecer\u00e1n sus mejores consejos a toda la comunidad de profesionales.<\/p>\n<div class=\"message_box announce txt-center\"><strong>\u00bfQuieres empezar a conseguir clientes para tu negocio?<\/strong><br \/>\n<br \/>\n<a class=\"btn btn-naranja btn-lg\" href=\"https:\/\/www.cronoshare.com\/registrar-empresa?ctm_source=blog&amp;ctm_medium=blog&amp;ctm_campaign=profesionales-destacados-cronoshare-entrevista-silvia-albil\">REG\u00cdSTRATE GRATIS<\/a><\/div>\n<div class=\"border-gray\" style=\"display: table; width: 100%;\">\n<div style=\"width: 80%; display: table-cell; vertical-align: top;\">\n<p><strong>Nombre: <\/strong>Silvia Albil<br \/>\n<strong>Sector profesional:<\/strong> Maquillaje y peluquer\u00eda<br \/>\n<strong>Zona de trabajo:<\/strong> M\u00f3stoles (Madrid)<br \/>\n<strong>Valoraci\u00f3n media de clientes:<\/strong> 10<\/p>\n<\/div>\n<div style=\"width: 20%; display: table-cell;\">\n<p><script id=\"cronoscript\" src=\"https:\/\/www.cronoshare.com\/assets\/cronoSealWidget-ba977fd463539c4e3a5e7cec83eb3f99.js\" type=\"text\/javascript\" domain=\"https:\/\/www.cronoshare.com\" csspath=\"\/assets\/cronoSealWidget-c1a93f6d3bd9edeb8fc8ba80fcc1be00.css\"><\/script><a href=\"https:\/\/www.cronoshare.com\/croner-2005752-silvia-albil\" target=\"_blank\" title=\"Mira el perfil de Silvia Albil, Maquilladora y peluquera profesional en Cronoshare\" class=\"cronoWidget\" style=\"width: 186px; height: 186px\"><svg viewBox=\"0 0 100 100\"><defs><path id=\"arc\" d=\"M11 50 A 39 39 0 0 0 89 50\"><\/path><\/defs><circle cx=\"50%\" cy=\"50%\" r=\"50%\" fill=\"#49abe8\"><\/circle><circle cx=\"50%\" cy=\"50%\" r=\"43%\" stroke=\"#ffffff\" stroke-width=\"1.2%\" fill-opacity=\"0\"><\/circle><image width=\"80%\" x=\"10%\" y=\"35%\" href=\"https:\/\/www.cronoshare.com\/assets\/badges\/logo-white-c222fc5c75f7d53b680cfe6d261441b8.svg\"><\/image><image width=\"90%\" x=\"5%\" y=\"2%\" href=\"https:\/\/www.cronoshare.com\/assets\/badges\/favicon-white-3a4f90933fc25f13b321271f8d8861c3.svg\"><\/image><text text-anchor=\"middle\" x=\"50%\" y=\"60%\" fill=\"#ffffff\" font-family=\"Calibri\" font-size=\"70%\" font-weight=\"bold\">PROFESIONAL<\/text><text fill=\"#ffffff\" font-family=\"Calibri\" font-size=\"70%\" text-anchor=\"middle\"><textPath xlink:href=\"#arc\" startOffset=\"50%\">DESDE 2019<\/textPath><\/text><\/svg><\/a><\/p>\n<\/div>\n<\/div>\n<p>&nbsp;<\/p>\n<h1>Profesionales Destacados de Cronoshare: Silvia Albil<\/h1>\n<p><strong>\u00bfC\u00f3mo y cu\u00e1ndo decidiste empezar a colaborar en Cronoshare? \u00bfCon qu\u00e9 frecuencia utilizas la plataforma?<\/strong><\/p>\n<p>Llevo desde abril de 2019 y me lo recomend\u00f3 una compa\u00f1era. Lo utilizo varias veces a la semana.<\/p>\n<p><strong>\u00bfQu\u00e9 te gusta de tu trabajo? \u00bfQu\u00e9 te diferencia del resto de profesionales de tu sector?<\/strong><\/p>\n<p>Me gusta porque es mi pasi\u00f3n y poco a poco, muy poco a poco, he ido consiguiendo formarme, crecer y ahora, por fin, dedicarme en exclusiva a ello.<\/p>\n<p>No s\u00e9 si hay algo que me diferencia o no, lo que s\u00e9 es que cuando estoy con una clienta o posible clienta doy todo por ayudarla y hacerla sentir especial.<\/p>\n<p><strong>\u00bfQu\u00e9 desear\u00edas haber sabido cuando comenzaste a usar Cronoshare?<\/strong><\/p>\n<p>Desde el principio me ha parecido muy f\u00e1cil la plataforma.<\/p>\n<p><strong>\u00bfCu\u00e1ntos clientes o trabajos has conseguido con nosotros? Pon algunos ejemplos si los recuerdas.<\/strong><\/p>\n<p>Ya he conseguido 2 clientes. Y tengo como otros 2 o 3 a la espera.<\/p>\n<div class=\"message_box note txt-center\"><img loading=\"lazy\" class=\"aligncenter size-full wp-image-4701\" src=\"https:\/\/www.cronoshare.com\/blog\/wp-content\/uploads\/2017\/10\/stars.png\" alt=\"stars\" width=\"250\" height=\"44\" \/><strong>Opini\u00f3n de cliente destacada<\/strong><br \/>\nMarta ha opinado: Silvia es s\u00faper cercana, profesional y te aconseja a la perfecci\u00f3n. Hemos quedado encantadas con su trabajo y su trato. \u00a1De 10!<br \/>\n<center><strong>Nota: 10<\/strong><br \/>\nMarta, 20-05-2019<\/center><\/div>\n<p><strong>\u00bfQu\u00e9 pasos o m\u00e9todo sigues para contactar y\/o conseguir un cliente o trabajo?<\/strong><\/p>\n<p>Contesto a la oferta y cuando recibo los datos me pongo en contacto por el m\u00e9todo que indica. He de decir que funciona infinitamente mejor el tel\u00e9fono que un e-mail. No espero a que ellos se pongan en contacto conmigo, tomo yo la iniciativa.<\/p>\n<p><strong>\u00bfTienes alguna an\u00e9cdota interesante sobre alg\u00fan cliente? <\/strong><\/p>\n<p>Suelen ser personas que utilizan este tipo de plataformas por primera vez.<\/p>\n<p><strong>\u00bfQu\u00e9 consejos le dar\u00edas a los profesionales que quieren empezar a colaborar en Cronoshare?<\/strong><\/p>\n<p>Que funciona muy bien pero tienen que tener un buen perfil y crear unos buenos filtros para que les lleguen ofertas del trabajo y las zonas en las que ellos quieran trabajar.<\/p>\n<div class=\"message_box announce txt-center\"><strong>\u00bfQuieres empezar a conseguir clientes para tu negocio?<\/strong><br \/>\n<br \/>\n<a class=\"btn btn-naranja btn-lg\" href=\"https:\/\/www.cronoshare.com\/registrar-empresa?ctm_source=blog&amp;ctm_medium=blog&amp;ctm_campaign=profesionales-destacados-cronoshare-entrevista-silvia-albil\">REG\u00cdSTRATE GRATIS<\/a><\/div>\n<div class=\"message_box box-interview\"><img loading=\"lazy\" class=\"alignleft size-full wp-image-10016\" src=\"https:\/\/www.cronoshare.com\/blog\/wp-content\/uploads\/2018\/09\/ico_interview.png\" alt=\"ico_interview\" width=\"40\" height=\"40\" \/><\/p>\n<p style=\"font-size: 14px;\">Si eres un profesional de Cronoshare y quieres aparecer en nuestra secci\u00f3n de Profesionales Destacados, puedes obtener m\u00e1s informaci\u00f3n sobre c\u00f3mo conseguirlo a trav\u00e9s de <a href=\"https:\/\/soporte.cronoshare.com\/hc\/es\/articles\/360015325872\">este enlace<\/a>.<\/p>\n<\/div>\n","protected":false},"excerpt":{"rendered":"<p>Silvia Albil es maquilladora para eventos. Nos cuenta que este es su cuarto a\u00f1o acompa\u00f1ando a novias, madrinas e invitadas. Tambi\u00e9n nos indica que este a\u00f1o y por petici\u00f3n de sus clientas ha incluido entre sus servicios el peinado para ofrecerles una experiencia mas c\u00f3moda y completa. Silvia Albil protagoniza esta vez la secci\u00f3n de [&hellip;]<\/p>\n","protected":false},"author":9,"featured_media":16485,"comment_status":"open","ping_status":"closed","sticky":false,"template":"","format":"standard","meta":[],"categories":[3211],"tags":[3210],"yoast_head":"<!-- This site is optimized with the Yoast SEO Premium plugin v18.8 (Yoast SEO v19.2) - https:\/\/yoast.com\/wordpress\/plugins\/seo\/ -->\n<title>Profesionales Destacados de Cronoshare: Entrevista a Silvia Albil<\/title>\n<meta name=\"description\" content=\"Silvia Albil es una maquilladora profesional que protagoniza esta vez la secci\u00f3n de Profesionales Destacados. \u00a1Entra a conocerla!\" \/>\n<meta name=\"robots\" content=\"index, follow, max-snippet:-1, max-image-preview:large, max-video-preview:-1\" \/>\n<link rel=\"canonical\" href=\"https:\/\/www.cronoshare.com\/blog\/profesionales-destacados-cronoshare-entrevista-silvia-albil\/\" \/>\n<meta property=\"og:locale\" content=\"es_ES\" \/>\n<meta property=\"og:type\" content=\"article\" \/>\n<meta property=\"og:title\" content=\"Profesionales Destacados de Cronoshare: Entrevista a Silvia Albil\" \/>\n<meta property=\"og:description\" content=\"Silvia Albil es una maquilladora profesional que protagoniza esta vez la secci\u00f3n de Profesionales Destacados. \u00a1Entra a conocerla!\" \/>\n<meta property=\"og:url\" content=\"https:\/\/www.cronoshare.com\/blog\/profesionales-destacados-cronoshare-entrevista-silvia-albil\/\" \/>\n<meta property=\"og:site_name\" content=\"Blog de Cronoshare\" \/>\n<meta property=\"article:published_time\" content=\"2019-06-13T16:35:32+00:00\" \/>\n<meta property=\"article:modified_time\" content=\"2019-07-04T14:11:09+00:00\" \/>\n<meta property=\"og:image\" content=\"https:\/\/www.cronoshare.com\/blog\/wp-content\/uploads\/2019\/06\/Profesionales-Destacados-Silvia-Albil2.jpg\" \/>\n\t<meta property=\"og:image:width\" content=\"720\" \/>\n\t<meta property=\"og:image:height\" content=\"400\" \/>\n\t<meta property=\"og:image:type\" content=\"image\/jpeg\" \/>\n<meta name=\"author\" content=\"Celia Arroyo\" \/>\n<meta name=\"twitter:card\" content=\"summary\" \/>\n<meta name=\"twitter:label1\" content=\"Escrito por\" \/>\n\t<meta name=\"twitter:data1\" content=\"Celia Arroyo\" \/>\n\t<meta name=\"twitter:label2\" content=\"Tiempo de lectura\" \/>\n\t<meta name=\"twitter:data2\" content=\"3 minutos\" \/>\n<script type=\"application\/ld+json\" class=\"yoast-schema-graph\">{\"@context\":\"https:\/\/schema.org\",\"@graph\":[{\"@type\":\"WebSite\",\"@id\":\"https:\/\/www.cronoshare.com\/blog\/#website\",\"url\":\"https:\/\/www.cronoshare.com\/blog\/\",\"name\":\"Blog de Cronoshare\",\"description\":\"Encuentra los Mejores Profesionales de Servicios Locales\",\"potentialAction\":[{\"@type\":\"SearchAction\",\"target\":{\"@type\":\"EntryPoint\",\"urlTemplate\":\"https:\/\/www.cronoshare.com\/blog\/?s={search_term_string}\"},\"query-input\":\"required name=search_term_string\"}],\"inLanguage\":\"es\"},{\"@type\":\"ImageObject\",\"inLanguage\":\"es\",\"@id\":\"https:\/\/www.cronoshare.com\/blog\/profesionales-destacados-cronoshare-entrevista-silvia-albil\/#primaryimage\",\"url\":\"https:\/\/www.cronoshare.com\/blog\/wp-content\/uploads\/2019\/06\/Profesionales-Destacados-Silvia-Albil2.jpg\",\"contentUrl\":\"https:\/\/www.cronoshare.com\/blog\/wp-content\/uploads\/2019\/06\/Profesionales-Destacados-Silvia-Albil2.jpg\",\"width\":720,\"height\":400,\"caption\":\"Profesionales Destacados Silvia Albil\"},{\"@type\":\"WebPage\",\"@id\":\"https:\/\/www.cronoshare.com\/blog\/profesionales-destacados-cronoshare-entrevista-silvia-albil\/#webpage\",\"url\":\"https:\/\/www.cronoshare.com\/blog\/profesionales-destacados-cronoshare-entrevista-silvia-albil\/\",\"name\":\"Profesionales Destacados de Cronoshare: Entrevista a Silvia Albil\",\"isPartOf\":{\"@id\":\"https:\/\/www.cronoshare.com\/blog\/#website\"},\"primaryImageOfPage\":{\"@id\":\"https:\/\/www.cronoshare.com\/blog\/profesionales-destacados-cronoshare-entrevista-silvia-albil\/#primaryimage\"},\"datePublished\":\"2019-06-13T16:35:32+00:00\",\"dateModified\":\"2019-07-04T14:11:09+00:00\",\"author\":{\"@id\":\"https:\/\/www.cronoshare.com\/blog\/#\/schema\/person\/d7c2f8b2690d6f9815a9d2f7999c36f9\"},\"description\":\"Silvia Albil es una maquilladora profesional que protagoniza esta vez la secci\u00f3n de Profesionales Destacados. \u00a1Entra a conocerla!\",\"breadcrumb\":{\"@id\":\"https:\/\/www.cronoshare.com\/blog\/profesionales-destacados-cronoshare-entrevista-silvia-albil\/#breadcrumb\"},\"inLanguage\":\"es\",\"potentialAction\":[{\"@type\":\"ReadAction\",\"target\":[\"https:\/\/www.cronoshare.com\/blog\/profesionales-destacados-cronoshare-entrevista-silvia-albil\/\"]}]},{\"@type\":\"BreadcrumbList\",\"@id\":\"https:\/\/www.cronoshare.com\/blog\/profesionales-destacados-cronoshare-entrevista-silvia-albil\/#breadcrumb\",\"itemListElement\":[{\"@type\":\"ListItem\",\"position\":1,\"name\":\"Portada\",\"item\":\"https:\/\/www.cronoshare.com\/blog\/\"},{\"@type\":\"ListItem\",\"position\":2,\"name\":\"Profesionales Destacados de Cronoshare: Entrevista a Silvia Albil\"}]},{\"@type\":\"Person\",\"@id\":\"https:\/\/www.cronoshare.com\/blog\/#\/schema\/person\/d7c2f8b2690d6f9815a9d2f7999c36f9\",\"name\":\"Celia Arroyo\",\"image\":{\"@type\":\"ImageObject\",\"inLanguage\":\"es\",\"@id\":\"https:\/\/www.cronoshare.com\/blog\/#\/schema\/person\/image\/\",\"url\":\"https:\/\/secure.gravatar.com\/avatar\/fe09dd60bd27aab7079a1254b45b95d3?s=96&d=mm&r=g\",\"contentUrl\":\"https:\/\/secure.gravatar.com\/avatar\/fe09dd60bd27aab7079a1254b45b95d3?s=96&d=mm&r=g\",\"caption\":\"Celia Arroyo\"},\"description\":\"Digital Marketing Assistant en Cronoshare. Su amor por la escritura la impuls\u00f3 a estudiar el Grado de Estudios Hisp\u00e1nicos en la Universidad de Valencia. M\u00e1s tarde se adentr\u00f3 en el mundo del Marketing de la mano de la Escuela de Organizaci\u00f3n Industrial y ha seguido especializ\u00e1ndose en la redacci\u00f3n de contenidos a trav\u00e9s de m\u00faltiples cursos.\",\"url\":\"https:\/\/www.cronoshare.com\/blog\/author\/celia\/\"}]}<\/script>\n<!-- \/ Yoast SEO Premium plugin. -->","yoast_head_json":{"title":"Profesionales Destacados de Cronoshare: Entrevista a Silvia Albil","description":"Silvia Albil es una maquilladora profesional que protagoniza esta vez la secci\u00f3n de Profesionales Destacados. \u00a1Entra a conocerla!","robots":{"index":"index","follow":"follow","max-snippet":"max-snippet:-1","max-image-preview":"max-image-preview:large","max-video-preview":"max-video-preview:-1"},"canonical":"https:\/\/www.cronoshare.com\/blog\/profesionales-destacados-cronoshare-entrevista-silvia-albil\/","og_locale":"es_ES","og_type":"article","og_title":"Profesionales Destacados de Cronoshare: Entrevista a Silvia Albil","og_description":"Silvia Albil es una maquilladora profesional que protagoniza esta vez la secci\u00f3n de Profesionales Destacados. \u00a1Entra a conocerla!","og_url":"https:\/\/www.cronoshare.com\/blog\/profesionales-destacados-cronoshare-entrevista-silvia-albil\/","og_site_name":"Blog de Cronoshare","article_published_time":"2019-06-13T16:35:32+00:00","article_modified_time":"2019-07-04T14:11:09+00:00","og_image":[{"width":720,"height":400,"url":"https:\/\/www.cronoshare.com\/blog\/wp-content\/uploads\/2019\/06\/Profesionales-Destacados-Silvia-Albil2.jpg","type":"image\/jpeg"}],"author":"Celia Arroyo","twitter_card":"summary","twitter_misc":{"Escrito por":"Celia Arroyo","Tiempo de lectura":"3 minutos"},"schema":{"@context":"https:\/\/schema.org","@graph":[{"@type":"WebSite","@id":"https:\/\/www.cronoshare.com\/blog\/#website","url":"https:\/\/www.cronoshare.com\/blog\/","name":"Blog de Cronoshare","description":"Encuentra los Mejores Profesionales de Servicios Locales","potentialAction":[{"@type":"SearchAction","target":{"@type":"EntryPoint","urlTemplate":"https:\/\/www.cronoshare.com\/blog\/?s={search_term_string}"},"query-input":"required name=search_term_string"}],"inLanguage":"es"},{"@type":"ImageObject","inLanguage":"es","@id":"https:\/\/www.cronoshare.com\/blog\/profesionales-destacados-cronoshare-entrevista-silvia-albil\/#primaryimage","url":"https:\/\/www.cronoshare.com\/blog\/wp-content\/uploads\/2019\/06\/Profesionales-Destacados-Silvia-Albil2.jpg","contentUrl":"https:\/\/www.cronoshare.com\/blog\/wp-content\/uploads\/2019\/06\/Profesionales-Destacados-Silvia-Albil2.jpg","width":720,"height":400,"caption":"Profesionales Destacados Silvia Albil"},{"@type":"WebPage","@id":"https:\/\/www.cronoshare.com\/blog\/profesionales-destacados-cronoshare-entrevista-silvia-albil\/#webpage","url":"https:\/\/www.cronoshare.com\/blog\/profesionales-destacados-cronoshare-entrevista-silvia-albil\/","name":"Profesionales Destacados de Cronoshare: Entrevista a Silvia Albil","isPartOf":{"@id":"https:\/\/www.cronoshare.com\/blog\/#website"},"primaryImageOfPage":{"@id":"https:\/\/www.cronoshare.com\/blog\/profesionales-destacados-cronoshare-entrevista-silvia-albil\/#primaryimage"},"datePublished":"2019-06-13T16:35:32+00:00","dateModified":"2019-07-04T14:11:09+00:00","author":{"@id":"https:\/\/www.cronoshare.com\/blog\/#\/schema\/person\/d7c2f8b2690d6f9815a9d2f7999c36f9"},"description":"Silvia Albil es una maquilladora profesional que protagoniza esta vez la secci\u00f3n de Profesionales Destacados. \u00a1Entra a conocerla!","breadcrumb":{"@id":"https:\/\/www.cronoshare.com\/blog\/profesionales-destacados-cronoshare-entrevista-silvia-albil\/#breadcrumb"},"inLanguage":"es","potentialAction":[{"@type":"ReadAction","target":["https:\/\/www.cronoshare.com\/blog\/profesionales-destacados-cronoshare-entrevista-silvia-albil\/"]}]},{"@type":"BreadcrumbList","@id":"https:\/\/www.cronoshare.com\/blog\/profesionales-destacados-cronoshare-entrevista-silvia-albil\/#breadcrumb","itemListElement":[{"@type":"ListItem","position":1,"name":"Portada","item":"https:\/\/www.cronoshare.com\/blog\/"},{"@type":"ListItem","position":2,"name":"Profesionales Destacados de Cronoshare: Entrevista a Silvia Albil"}]},{"@type":"Person","@id":"https:\/\/www.cronoshare.com\/blog\/#\/schema\/person\/d7c2f8b2690d6f9815a9d2f7999c36f9","name":"Celia Arroyo","image":{"@type":"ImageObject","inLanguage":"es","@id":"https:\/\/www.cronoshare.com\/blog\/#\/schema\/person\/image\/","url":"https:\/\/secure.gravatar.com\/avatar\/fe09dd60bd27aab7079a1254b45b95d3?s=96&d=mm&r=g","contentUrl":"https:\/\/secure.gravatar.com\/avatar\/fe09dd60bd27aab7079a1254b45b95d3?s=96&d=mm&r=g","caption":"Celia Arroyo"},"description":"Digital Marketing Assistant en Cronoshare. Su amor por la escritura la impuls\u00f3 a estudiar el Grado de Estudios Hisp\u00e1nicos en la Universidad de Valencia. M\u00e1s tarde se adentr\u00f3 en el mundo del Marketing de la mano de la Escuela de Organizaci\u00f3n Industrial y ha seguido especializ\u00e1ndose en la redacci\u00f3n de contenidos a trav\u00e9s de m\u00faltiples cursos.","url":"https:\/\/www.cronoshare.com\/blog\/author\/celia\/"}]}},"_links":{"self":[{"href":"https:\/\/www.cronoshare.com\/blog\/wp-json\/wp\/v2\/posts\/16484"}],"collection":[{"href":"https:\/\/www.cronoshare.com\/blog\/wp-json\/wp\/v2\/posts"}],"about":[{"href":"https:\/\/www.cronoshare.com\/blog\/wp-json\/wp\/v2\/types\/post"}],"author":[{"embeddable":true,"href":"https:\/\/www.cronoshare.com\/blog\/wp-json\/wp\/v2\/users\/9"}],"replies":[{"embeddable":true,"href":"https:\/\/www.cronoshare.com\/blog\/wp-json\/wp\/v2\/comments?post=16484"}],"version-history":[{"count":2,"href":"https:\/\/www.cronoshare.com\/blog\/wp-json\/wp\/v2\/posts\/16484\/revisions"}],"predecessor-version":[{"id":16730,"href":"https:\/\/www.cronoshare.com\/blog\/wp-json\/wp\/v2\/posts\/16484\/revisions\/16730"}],"wp:featuredmedia":[{"embeddable":true,"href":"https:\/\/www.cronoshare.com\/blog\/wp-json\/wp\/v2\/media\/16485"}],"wp:attachment":[{"href":"https:\/\/www.cronoshare.com\/blog\/wp-json\/wp\/v2\/media?parent=16484"}],"wp:term":[{"taxonomy":"category","embeddable":true,"href":"https:\/\/www.cronoshare.com\/blog\/wp-json\/wp\/v2\/categories?post=16484"},{"taxonomy":"post_tag","embeddable":true,"href":"https:\/\/www.cronoshare.com\/blog\/wp-json\/wp\/v2\/tags?post=16484"}],"curies":[{"name":"wp","href":"https:\/\/api.w.org\/{rel}","templated":true}]}}