{"id":18957,"date":"2019-11-28T14:18:13","date_gmt":"2019-11-28T13:18:13","guid":{"rendered":"https:\/\/www.cronoshare.com\/blog\/?p=18957"},"modified":"2019-12-20T10:50:36","modified_gmt":"2019-12-20T09:50:36","slug":"profesionales-destacados-entrevista-ardo-mago-marron-podcast","status":"publish","type":"post","link":"https:\/\/www.cronoshare.com\/blog\/profesionales-destacados-entrevista-ardo-mago-marron-podcast\/","title":{"rendered":"Profesionales Destacados: Entrevista a Ardo, el Mago Marr\u00f3n [Podcast]"},"content":{"rendered":"<p><iframe loading=\"lazy\" src=\"https:\/\/open.spotify.com\/embed-podcast\/episode\/1B6f2WCdYxr47FgQAIJb65\" width=\"100%\" height=\"232\" frameborder=\"0\" allowtransparency=\"true\" allow=\"encrypted-media\"><\/iframe><\/p>\n<p><iframe id='audio_44877225' frameborder='0' allowfullscreen='' scrolling='no' height='200' src='https:\/\/www.ivoox.com\/player_ej_44877225_4_1.html?c1=129DD3' style='border:1px solid #EEE; box-sizing:border-box; width:100%;'><\/iframe><\/p>\n<p><img loading=\"lazy\" src=\"https:\/\/www.cronoshare.com\/blog\/wp-content\/uploads\/2019\/11\/Profesionales-Destacados-Ardo-el-Mago-Marr\u00f3n.jpg\" alt=\"Profesionales Destacados Ardo, El Mago Marr\u00f3n\" width=\"720\" height=\"360\" class=\"alignnone size-full wp-image-18964\" \/><\/p>\n<div class=\"border-gray\" style=\"display: table; width: 100%;\">\n<div style=\"width: 50%; display: table-cell; vertical-align: top;\">\n<p><strong>Nombre: <\/strong>Ardo, El Mago Marr\u00f3n<br \/>\n<strong>Sector profesional:<\/strong> Magia<br \/>\n<strong>Zona de trabajo:<\/strong> Madrid<br \/>\n<strong>Valoraci\u00f3n media de clientes:<\/strong> 9,7<\/p>\n<\/div>\n<div style=\"width: 50%; display: table-cell;\">\n<img loading=\"lazy\" src=\"https:\/\/www.cronoshare.com\/blog\/wp-content\/uploads\/2019\/11\/Profesionales-Destacados-Ardo-el-Mago-Marr\u00f3n-Actuaci\u00f3n.jpg\" alt=\"Profesionales Destacados Ardo el Mago Marr\u00f3n Actuaci\u00f3n\" width=\"720\" height=\"400\" class=\"alignnone size-full wp-image-17405\" \/>\n<\/div>\n<\/div>\n<p>&nbsp;<\/p>\n<h1>Profesionales Destacados de Cronoshare: Ardo, El Mago Marr\u00f3n<\/h1>\n<p>Ardo nos ha hablado de su formaci\u00f3n como mago y del proceso que sigui\u00f3 para constituirse como aut\u00f3nomo, indic\u00e1ndonos que no es demasiado diferente al que debe seguir cualquier otro profesional.<\/p>\n<p>Tambi\u00e9n nos ha hablado de lo exigente que es el sector de la magia y de la necesidad de una formaci\u00f3n continua para poder ofrecer servicios de calidad. \u00c9l, de hecho, es un profesional polifac\u00e9tico que puede adaptarse a distintos tipos de espect\u00e1culos, siempre con un tono de humor.<\/p>\n<div class=\"message_box note txt-center\"><img loading=\"lazy\" class=\"aligncenter size-full wp-image-4701\" src=\"https:\/\/www.cronoshare.com\/blog\/wp-content\/uploads\/2017\/10\/stars.png\" alt=\"stars\" width=\"250\" height=\"44\" \/><strong>Opini\u00f3n de cliente destacada<\/strong><br \/>\nMario ha opinado: Divertido y muy profesional.<br \/>\n<center><strong>Nota: 10<\/strong><br \/>\nMario, 04-06-2019<\/center><\/div>\n<p>Tambi\u00e9n ha insistido en la importancia de contar con un Seguro de Responsabilidad Civil, entre otras cuestiones, ya que de cara a los clientes siempre es un valor a\u00f1adido y una tranquilidad.<\/p>\n<p>Adem\u00e1s, Ardo ha sabido c\u00f3mo crear un producto especial que atraiga la atenci\u00f3n de todos los p\u00fablicos: este es uno de los secretos de su \u00e9xito.<\/p>\n<div class=\"message_box announce txt-center\"><strong>\u00bfQuieres empezar a conseguir clientes para tu negocio?<\/strong><br \/>\n<br \/>\n<a class=\"btn btn-naranja btn-lg\" href=\"https:\/\/www.cronoshare.com\/registrar-empresa?ctm_source=blog&amp;ctm_medium=blog&amp;ctm_campaign=profesionales-destacados-entrevista-ardo-mago-marron\">REG\u00cdSTRATE GRATIS<\/a><\/div>\n<div class=\"message_box box-interview\"><img loading=\"lazy\" class=\"alignleft size-full wp-image-10016\" src=\"https:\/\/www.cronoshare.com\/blog\/wp-content\/uploads\/2018\/09\/ico_interview.png\" alt=\"ico_interview\" width=\"40\" height=\"40\" \/><\/p>\n<p style=\"font-size: 14px;\">Si eres un profesional de Cronoshare y quieres aparecer en nuestra secci\u00f3n de Profesionales Destacados, puedes obtener m\u00e1s informaci\u00f3n sobre c\u00f3mo conseguirlo a trav\u00e9s de <a href=\"https:\/\/soporte.cronoshare.com\/hc\/es\/articles\/360015325872\">este enlace<\/a>.<\/p>\n<\/div>\n","protected":false},"excerpt":{"rendered":"<p>Nombre: Ardo, El Mago Marr\u00f3n Sector profesional: Magia Zona de trabajo: Madrid Valoraci\u00f3n media de clientes: 9,7 &nbsp; Profesionales Destacados de Cronoshare: Ardo, El Mago Marr\u00f3n Ardo nos ha hablado de su formaci\u00f3n como mago y del proceso que sigui\u00f3 para constituirse como aut\u00f3nomo, indic\u00e1ndonos que no es demasiado diferente al que debe seguir cualquier [&hellip;]<\/p>\n","protected":false},"author":9,"featured_media":18964,"comment_status":"open","ping_status":"closed","sticky":false,"template":"","format":"standard","meta":[],"categories":[3211],"tags":[3210],"yoast_head":"<!-- This site is optimized with the Yoast SEO Premium plugin v18.8 (Yoast SEO v19.2) - https:\/\/yoast.com\/wordpress\/plugins\/seo\/ -->\n<title>Profesionales Destacados: Entrevista a Ardo, el Mago Marr\u00f3n [Podcast]<\/title>\n<meta name=\"description\" content=\"Ardo, El Mago Marr\u00f3n es un mago profesional que protagoniza esta vez la secci\u00f3n de Profesionales Destacados. \u00a1Entra a conocerle!\" \/>\n<meta name=\"robots\" content=\"index, follow, max-snippet:-1, max-image-preview:large, max-video-preview:-1\" \/>\n<link rel=\"canonical\" href=\"https:\/\/www.cronoshare.com\/blog\/profesionales-destacados-entrevista-ardo-mago-marron-podcast\/\" \/>\n<meta property=\"og:locale\" content=\"es_ES\" \/>\n<meta property=\"og:type\" content=\"article\" \/>\n<meta property=\"og:title\" content=\"Profesionales Destacados: Entrevista a Ardo, el Mago Marr\u00f3n [Podcast]\" \/>\n<meta property=\"og:description\" content=\"Ardo, El Mago Marr\u00f3n es un mago profesional que protagoniza esta vez la secci\u00f3n de Profesionales Destacados. \u00a1Entra a conocerle!\" \/>\n<meta property=\"og:url\" content=\"https:\/\/www.cronoshare.com\/blog\/profesionales-destacados-entrevista-ardo-mago-marron-podcast\/\" \/>\n<meta property=\"og:site_name\" content=\"Blog de Cronoshare\" \/>\n<meta property=\"article:published_time\" content=\"2019-11-28T13:18:13+00:00\" \/>\n<meta property=\"article:modified_time\" content=\"2019-12-20T09:50:36+00:00\" \/>\n<meta property=\"og:image\" content=\"https:\/\/www.cronoshare.com\/blog\/wp-content\/uploads\/2019\/11\/Profesionales-Destacados-Ardo-el-Mago-Marr\u00f3n.jpg\" \/>\n\t<meta property=\"og:image:width\" content=\"720\" \/>\n\t<meta property=\"og:image:height\" content=\"360\" \/>\n\t<meta property=\"og:image:type\" content=\"image\/jpeg\" \/>\n<meta name=\"author\" content=\"Celia Arroyo\" \/>\n<meta name=\"twitter:card\" content=\"summary\" \/>\n<meta name=\"twitter:label1\" content=\"Escrito por\" \/>\n\t<meta name=\"twitter:data1\" content=\"Celia Arroyo\" \/>\n\t<meta name=\"twitter:label2\" content=\"Tiempo de lectura\" \/>\n\t<meta name=\"twitter:data2\" content=\"1 minuto\" \/>\n<script type=\"application\/ld+json\" class=\"yoast-schema-graph\">{\"@context\":\"https:\/\/schema.org\",\"@graph\":[{\"@type\":\"WebSite\",\"@id\":\"https:\/\/www.cronoshare.com\/blog\/#website\",\"url\":\"https:\/\/www.cronoshare.com\/blog\/\",\"name\":\"Blog de Cronoshare\",\"description\":\"Encuentra los Mejores Profesionales de Servicios Locales\",\"potentialAction\":[{\"@type\":\"SearchAction\",\"target\":{\"@type\":\"EntryPoint\",\"urlTemplate\":\"https:\/\/www.cronoshare.com\/blog\/?s={search_term_string}\"},\"query-input\":\"required name=search_term_string\"}],\"inLanguage\":\"es\"},{\"@type\":\"ImageObject\",\"inLanguage\":\"es\",\"@id\":\"https:\/\/www.cronoshare.com\/blog\/profesionales-destacados-entrevista-ardo-mago-marron-podcast\/#primaryimage\",\"url\":\"https:\/\/www.cronoshare.com\/blog\/wp-content\/uploads\/2019\/11\/Profesionales-Destacados-Ardo-el-Mago-Marr\u00f3n.jpg\",\"contentUrl\":\"https:\/\/www.cronoshare.com\/blog\/wp-content\/uploads\/2019\/11\/Profesionales-Destacados-Ardo-el-Mago-Marr\u00f3n.jpg\",\"width\":720,\"height\":360,\"caption\":\"Profesionales Destacados Ardo, El Mago Marr\u00f3n\"},{\"@type\":\"WebPage\",\"@id\":\"https:\/\/www.cronoshare.com\/blog\/profesionales-destacados-entrevista-ardo-mago-marron-podcast\/#webpage\",\"url\":\"https:\/\/www.cronoshare.com\/blog\/profesionales-destacados-entrevista-ardo-mago-marron-podcast\/\",\"name\":\"Profesionales Destacados: Entrevista a Ardo, el Mago Marr\u00f3n [Podcast]\",\"isPartOf\":{\"@id\":\"https:\/\/www.cronoshare.com\/blog\/#website\"},\"primaryImageOfPage\":{\"@id\":\"https:\/\/www.cronoshare.com\/blog\/profesionales-destacados-entrevista-ardo-mago-marron-podcast\/#primaryimage\"},\"datePublished\":\"2019-11-28T13:18:13+00:00\",\"dateModified\":\"2019-12-20T09:50:36+00:00\",\"author\":{\"@id\":\"https:\/\/www.cronoshare.com\/blog\/#\/schema\/person\/d7c2f8b2690d6f9815a9d2f7999c36f9\"},\"description\":\"Ardo, El Mago Marr\u00f3n es un mago profesional que protagoniza esta vez la secci\u00f3n de Profesionales Destacados. \u00a1Entra a conocerle!\",\"breadcrumb\":{\"@id\":\"https:\/\/www.cronoshare.com\/blog\/profesionales-destacados-entrevista-ardo-mago-marron-podcast\/#breadcrumb\"},\"inLanguage\":\"es\",\"potentialAction\":[{\"@type\":\"ReadAction\",\"target\":[\"https:\/\/www.cronoshare.com\/blog\/profesionales-destacados-entrevista-ardo-mago-marron-podcast\/\"]}]},{\"@type\":\"BreadcrumbList\",\"@id\":\"https:\/\/www.cronoshare.com\/blog\/profesionales-destacados-entrevista-ardo-mago-marron-podcast\/#breadcrumb\",\"itemListElement\":[{\"@type\":\"ListItem\",\"position\":1,\"name\":\"Portada\",\"item\":\"https:\/\/www.cronoshare.com\/blog\/\"},{\"@type\":\"ListItem\",\"position\":2,\"name\":\"Profesionales Destacados: Entrevista a Ardo, el Mago Marr\u00f3n [Podcast]\"}]},{\"@type\":\"Person\",\"@id\":\"https:\/\/www.cronoshare.com\/blog\/#\/schema\/person\/d7c2f8b2690d6f9815a9d2f7999c36f9\",\"name\":\"Celia Arroyo\",\"image\":{\"@type\":\"ImageObject\",\"inLanguage\":\"es\",\"@id\":\"https:\/\/www.cronoshare.com\/blog\/#\/schema\/person\/image\/\",\"url\":\"https:\/\/secure.gravatar.com\/avatar\/fe09dd60bd27aab7079a1254b45b95d3?s=96&d=mm&r=g\",\"contentUrl\":\"https:\/\/secure.gravatar.com\/avatar\/fe09dd60bd27aab7079a1254b45b95d3?s=96&d=mm&r=g\",\"caption\":\"Celia Arroyo\"},\"description\":\"Digital Marketing Assistant en Cronoshare. Su amor por la escritura la impuls\u00f3 a estudiar el Grado de Estudios Hisp\u00e1nicos en la Universidad de Valencia. M\u00e1s tarde se adentr\u00f3 en el mundo del Marketing de la mano de la Escuela de Organizaci\u00f3n Industrial y ha seguido especializ\u00e1ndose en la redacci\u00f3n de contenidos a trav\u00e9s de m\u00faltiples cursos.\",\"url\":\"https:\/\/www.cronoshare.com\/blog\/author\/celia\/\"}]}<\/script>\n<!-- \/ Yoast SEO Premium plugin. -->","yoast_head_json":{"title":"Profesionales Destacados: Entrevista a Ardo, el Mago Marr\u00f3n [Podcast]","description":"Ardo, El Mago Marr\u00f3n es un mago profesional que protagoniza esta vez la secci\u00f3n de Profesionales Destacados. \u00a1Entra a conocerle!","robots":{"index":"index","follow":"follow","max-snippet":"max-snippet:-1","max-image-preview":"max-image-preview:large","max-video-preview":"max-video-preview:-1"},"canonical":"https:\/\/www.cronoshare.com\/blog\/profesionales-destacados-entrevista-ardo-mago-marron-podcast\/","og_locale":"es_ES","og_type":"article","og_title":"Profesionales Destacados: Entrevista a Ardo, el Mago Marr\u00f3n [Podcast]","og_description":"Ardo, El Mago Marr\u00f3n es un mago profesional que protagoniza esta vez la secci\u00f3n de Profesionales Destacados. \u00a1Entra a conocerle!","og_url":"https:\/\/www.cronoshare.com\/blog\/profesionales-destacados-entrevista-ardo-mago-marron-podcast\/","og_site_name":"Blog de Cronoshare","article_published_time":"2019-11-28T13:18:13+00:00","article_modified_time":"2019-12-20T09:50:36+00:00","og_image":[{"width":720,"height":360,"url":"https:\/\/www.cronoshare.com\/blog\/wp-content\/uploads\/2019\/11\/Profesionales-Destacados-Ardo-el-Mago-Marr\u00f3n.jpg","type":"image\/jpeg"}],"author":"Celia Arroyo","twitter_card":"summary","twitter_misc":{"Escrito por":"Celia Arroyo","Tiempo de lectura":"1 minuto"},"schema":{"@context":"https:\/\/schema.org","@graph":[{"@type":"WebSite","@id":"https:\/\/www.cronoshare.com\/blog\/#website","url":"https:\/\/www.cronoshare.com\/blog\/","name":"Blog de Cronoshare","description":"Encuentra los Mejores Profesionales de Servicios Locales","potentialAction":[{"@type":"SearchAction","target":{"@type":"EntryPoint","urlTemplate":"https:\/\/www.cronoshare.com\/blog\/?s={search_term_string}"},"query-input":"required name=search_term_string"}],"inLanguage":"es"},{"@type":"ImageObject","inLanguage":"es","@id":"https:\/\/www.cronoshare.com\/blog\/profesionales-destacados-entrevista-ardo-mago-marron-podcast\/#primaryimage","url":"https:\/\/www.cronoshare.com\/blog\/wp-content\/uploads\/2019\/11\/Profesionales-Destacados-Ardo-el-Mago-Marr\u00f3n.jpg","contentUrl":"https:\/\/www.cronoshare.com\/blog\/wp-content\/uploads\/2019\/11\/Profesionales-Destacados-Ardo-el-Mago-Marr\u00f3n.jpg","width":720,"height":360,"caption":"Profesionales Destacados Ardo, El Mago Marr\u00f3n"},{"@type":"WebPage","@id":"https:\/\/www.cronoshare.com\/blog\/profesionales-destacados-entrevista-ardo-mago-marron-podcast\/#webpage","url":"https:\/\/www.cronoshare.com\/blog\/profesionales-destacados-entrevista-ardo-mago-marron-podcast\/","name":"Profesionales Destacados: Entrevista a Ardo, el Mago Marr\u00f3n [Podcast]","isPartOf":{"@id":"https:\/\/www.cronoshare.com\/blog\/#website"},"primaryImageOfPage":{"@id":"https:\/\/www.cronoshare.com\/blog\/profesionales-destacados-entrevista-ardo-mago-marron-podcast\/#primaryimage"},"datePublished":"2019-11-28T13:18:13+00:00","dateModified":"2019-12-20T09:50:36+00:00","author":{"@id":"https:\/\/www.cronoshare.com\/blog\/#\/schema\/person\/d7c2f8b2690d6f9815a9d2f7999c36f9"},"description":"Ardo, El Mago Marr\u00f3n es un mago profesional que protagoniza esta vez la secci\u00f3n de Profesionales Destacados. \u00a1Entra a conocerle!","breadcrumb":{"@id":"https:\/\/www.cronoshare.com\/blog\/profesionales-destacados-entrevista-ardo-mago-marron-podcast\/#breadcrumb"},"inLanguage":"es","potentialAction":[{"@type":"ReadAction","target":["https:\/\/www.cronoshare.com\/blog\/profesionales-destacados-entrevista-ardo-mago-marron-podcast\/"]}]},{"@type":"BreadcrumbList","@id":"https:\/\/www.cronoshare.com\/blog\/profesionales-destacados-entrevista-ardo-mago-marron-podcast\/#breadcrumb","itemListElement":[{"@type":"ListItem","position":1,"name":"Portada","item":"https:\/\/www.cronoshare.com\/blog\/"},{"@type":"ListItem","position":2,"name":"Profesionales Destacados: Entrevista a Ardo, el Mago Marr\u00f3n [Podcast]"}]},{"@type":"Person","@id":"https:\/\/www.cronoshare.com\/blog\/#\/schema\/person\/d7c2f8b2690d6f9815a9d2f7999c36f9","name":"Celia Arroyo","image":{"@type":"ImageObject","inLanguage":"es","@id":"https:\/\/www.cronoshare.com\/blog\/#\/schema\/person\/image\/","url":"https:\/\/secure.gravatar.com\/avatar\/fe09dd60bd27aab7079a1254b45b95d3?s=96&d=mm&r=g","contentUrl":"https:\/\/secure.gravatar.com\/avatar\/fe09dd60bd27aab7079a1254b45b95d3?s=96&d=mm&r=g","caption":"Celia Arroyo"},"description":"Digital Marketing Assistant en Cronoshare. Su amor por la escritura la impuls\u00f3 a estudiar el Grado de Estudios Hisp\u00e1nicos en la Universidad de Valencia. M\u00e1s tarde se adentr\u00f3 en el mundo del Marketing de la mano de la Escuela de Organizaci\u00f3n Industrial y ha seguido especializ\u00e1ndose en la redacci\u00f3n de contenidos a trav\u00e9s de m\u00faltiples cursos.","url":"https:\/\/www.cronoshare.com\/blog\/author\/celia\/"}]}},"_links":{"self":[{"href":"https:\/\/www.cronoshare.com\/blog\/wp-json\/wp\/v2\/posts\/18957"}],"collection":[{"href":"https:\/\/www.cronoshare.com\/blog\/wp-json\/wp\/v2\/posts"}],"about":[{"href":"https:\/\/www.cronoshare.com\/blog\/wp-json\/wp\/v2\/types\/post"}],"author":[{"embeddable":true,"href":"https:\/\/www.cronoshare.com\/blog\/wp-json\/wp\/v2\/users\/9"}],"replies":[{"embeddable":true,"href":"https:\/\/www.cronoshare.com\/blog\/wp-json\/wp\/v2\/comments?post=18957"}],"version-history":[{"count":9,"href":"https:\/\/www.cronoshare.com\/blog\/wp-json\/wp\/v2\/posts\/18957\/revisions"}],"predecessor-version":[{"id":18963,"href":"https:\/\/www.cronoshare.com\/blog\/wp-json\/wp\/v2\/posts\/18957\/revisions\/18963"}],"wp:featuredmedia":[{"embeddable":true,"href":"https:\/\/www.cronoshare.com\/blog\/wp-json\/wp\/v2\/media\/18964"}],"wp:attachment":[{"href":"https:\/\/www.cronoshare.com\/blog\/wp-json\/wp\/v2\/media?parent=18957"}],"wp:term":[{"taxonomy":"category","embeddable":true,"href":"https:\/\/www.cronoshare.com\/blog\/wp-json\/wp\/v2\/categories?post=18957"},{"taxonomy":"post_tag","embeddable":true,"href":"https:\/\/www.cronoshare.com\/blog\/wp-json\/wp\/v2\/tags?post=18957"}],"curies":[{"name":"wp","href":"https:\/\/api.w.org\/{rel}","templated":true}]}}