{"id":21524,"date":"2020-03-12T16:27:52","date_gmt":"2020-03-12T15:27:52","guid":{"rendered":"https:\/\/www.cronoshare.com\/blog\/?p=21524"},"modified":"2020-03-12T16:27:52","modified_gmt":"2020-03-12T15:27:52","slug":"profesionales-destacados-entrevista-a-lidia-reinoso-maquilladora-profesional-podcast","status":"publish","type":"post","link":"https:\/\/www.cronoshare.com\/blog\/profesionales-destacados-entrevista-a-lidia-reinoso-maquilladora-profesional-podcast\/","title":{"rendered":"Profesionales Destacados: Entrevista a Lidia Reinoso, Maquilladora Profesional [Podcast]"},"content":{"rendered":"<p><iframe loading=\"lazy\" src=\"https:\/\/open.spotify.com\/embed-podcast\/episode\/7s3CTbysSLAs9ComtuBE5r\" width=\"100%\" height=\"232\" frameborder=\"0\" allowtransparency=\"true\" allow=\"encrypted-media\"><\/iframe><\/p>\n<p><iframe id='audio_48843805' frameborder='0' allowfullscreen='' scrolling='no' height='200' src='https:\/\/www.ivoox.com\/player_ej_48843805_4_1.html?c1=129DD3' style='border:1px solid #EEE; box-sizing:border-box; width:100%;'><\/iframe><\/p>\n<p><img loading=\"lazy\" src=\"https:\/\/www.cronoshare.com\/blog\/wp-content\/uploads\/2020\/03\/Profesionales-Destacados-Lidia-Reinoso.jpg\" alt=\"Profesionales Destacados Lidia Reinoso\" width=\"720\" height=\"360\" class=\"alignnone size-full wp-image-21527\" \/><\/p>\n<div class=\"border-gray\" style=\"display: table; width: 100%;\">\n<div style=\"width: 50%; display: table-cell; vertical-align: top;\">\n<p><strong>Nombre: <\/strong>Lidia Reinoso<br \/>\n<strong>Sector profesional:<\/strong> Maquillaje y peluquer\u00eda<br \/>\n<strong>Zona de trabajo:<\/strong> Barcelona<br \/>\n<strong>Valoraci\u00f3n media de clientes:<\/strong> 9,4<\/p>\n<\/div>\n<div style=\"width: 50%; display: table-cell;\">\n<\/div>\n<\/div>\n<p>&nbsp;<\/p>\n<h1 class=\"txt24 negro bold font-monserrat\">Profesionales Destacados de Cronoshare: Lidia Reinoso, Maquilladora profesional<\/h1>\n<p>En esta entrega del podcast hemos tenido la oportunidad de entrevistar a Lidia Reinoso, una maquilladora profesional y asesora de imagen personal.<\/p>\n<h5 class=\"txt18 negro bold font-monserrat\">\u00cdndice de minutos\/preguntas<\/h5>\n<div class=\"content\">\n<ul>\n<li>02:30 &#8211; \u00bfC\u00f3mo descubriste tu vocaci\u00f3n? \u00bfQu\u00e9 es lo que m\u00e1s te gusta de tu trabajo?<\/li>\n<li>03:30 &#8211; \u00bfTe preocupa el nivel de competencia que puede haber en tu sector? \u00bfC\u00f3mo lidias con este asunto?<\/li>\n<li>04:40 &#8211; \u00bfC\u00f3mo fue el proceso de darte de alta como aut\u00f3noma? \u00bfQu\u00e9 pasos tuviste que dar?<\/li>\n<li>05:40 &#8211; \u00bfCrees que las nuevas tecnolog\u00edas han ayudado a los profesionales de tu sector?<\/li>\n<li>07:10 &#8211; \u00bfCu\u00e1l es la principal ventaja que tiene para ti Cronoshare?<\/li>\n<li>08:40 &#8211; \u00bfCu\u00e1l es tu secreto para conseguir que los clientes acepten tu presupuesto?<\/li>\n<li>10:30 &#8211; Recuerdo de una an\u00e9cdota especial<\/li>\n<li>12:20 &#8211; Consejo: \u00bfC\u00f3mo elegir la mejor base de maquillaje?<\/li>\n<\/ul>\n<\/div>\n<p>Lidia nos ha hablado de su experiencia en este sector profesional. Nos ha contado c\u00f3mo busca diferenciarse intentando implicarse al m\u00e1ximo con cada cliente.<\/p>\n<div class=\"message_box note txt-center\"><img loading=\"lazy\" class=\"aligncenter size-full wp-image-4701\" src=\"https:\/\/www.cronoshare.com\/blog\/wp-content\/uploads\/2017\/10\/stars.png\" alt=\"stars\" width=\"250\" height=\"44\" \/><strong>Opini\u00f3n de cliente destacada<\/strong><br \/>\nNatalia ha opinado: Muy agradable y puntual. Una excelente profesional. \u00a1\u00a1Muy recomendable!!<br \/>\n<center><strong>Nota: 10<\/strong><br \/>\nNatalia, 31-01-2020<\/center><\/div>\n<p>Con sus consejos nos ha demostrado lo importante que es dejarse asesorar siempre por profesionales, ya que es la mejor forma de obtener resultados espectaculares.<\/p>\n<div class=\"message_box announce txt-center\"><strong>\u00bfQuieres empezar a conseguir clientes para tu negocio?<\/strong><br \/>\n<br \/>\n<a class=\"btn btn-naranja btn-lg\" href=\"https:\/\/www.cronoshare.com\/registrar-empresa?ctm_source=blog&amp;ctm_medium=blog&amp;ctm_campaign=profesionales-destacados-entrevista-a-lidia-reinoso-podcast\">REG\u00cdSTRATE GRATIS<\/a><\/div>\n<div class=\"message_box box-interview\"><img loading=\"lazy\" class=\"alignleft size-full wp-image-10016\" src=\"https:\/\/www.cronoshare.com\/blog\/wp-content\/uploads\/2018\/09\/ico_interview.png\" alt=\"ico_interview\" width=\"40\" height=\"40\" \/><\/p>\n<p style=\"font-size: 14px;\">Si eres un profesional de Cronoshare y quieres aparecer en nuestra secci\u00f3n de Profesionales Destacados, puedes obtener m\u00e1s informaci\u00f3n sobre c\u00f3mo conseguirlo a trav\u00e9s de <a href=\"https:\/\/soporte.cronoshare.com\/hc\/es\/articles\/360015325872\">este enlace<\/a>.<\/p>\n<\/div>\n","protected":false},"excerpt":{"rendered":"<p>Nombre: Lidia Reinoso Sector profesional: Maquillaje y peluquer\u00eda Zona de trabajo: Barcelona Valoraci\u00f3n media de clientes: 9,4 &nbsp; Profesionales Destacados de Cronoshare: Lidia Reinoso, Maquilladora profesional En esta entrega del podcast hemos tenido la oportunidad de entrevistar a Lidia Reinoso, una maquilladora profesional y asesora de imagen personal. \u00cdndice de minutos\/preguntas 02:30 &#8211; \u00bfC\u00f3mo descubriste [&hellip;]<\/p>\n","protected":false},"author":9,"featured_media":21527,"comment_status":"open","ping_status":"closed","sticky":false,"template":"","format":"standard","meta":[],"categories":[3211],"tags":[3210],"yoast_head":"<!-- This site is optimized with the Yoast SEO Premium plugin v18.8 (Yoast SEO v19.2) - https:\/\/yoast.com\/wordpress\/plugins\/seo\/ -->\n<title>Profesionales Destacados: Entrevista a Lidia Reinoso [Podcast]<\/title>\n<meta name=\"description\" content=\"Lidia Reinoso es una maquilladora profesional que protagoniza esta vez la secci\u00f3n de Profesionales Destacados. \u00a1Entra a conocerla!\" \/>\n<meta name=\"robots\" content=\"index, follow, max-snippet:-1, max-image-preview:large, max-video-preview:-1\" \/>\n<link rel=\"canonical\" href=\"https:\/\/www.cronoshare.com\/blog\/profesionales-destacados-entrevista-a-lidia-reinoso-maquilladora-profesional-podcast\/\" \/>\n<meta property=\"og:locale\" content=\"es_ES\" \/>\n<meta property=\"og:type\" content=\"article\" \/>\n<meta property=\"og:title\" content=\"Profesionales Destacados: Entrevista a Lidia Reinoso, Maquilladora Profesional [Podcast]\" \/>\n<meta property=\"og:description\" content=\"Lidia Reinoso es una maquilladora profesional que protagoniza esta vez la secci\u00f3n de Profesionales Destacados. \u00a1Entra a conocerla!\" \/>\n<meta property=\"og:url\" content=\"https:\/\/www.cronoshare.com\/blog\/profesionales-destacados-entrevista-a-lidia-reinoso-maquilladora-profesional-podcast\/\" \/>\n<meta property=\"og:site_name\" content=\"Blog de Cronoshare\" \/>\n<meta property=\"article:published_time\" content=\"2020-03-12T15:27:52+00:00\" \/>\n<meta property=\"og:image\" content=\"https:\/\/www.cronoshare.com\/blog\/wp-content\/uploads\/2020\/03\/Profesionales-Destacados-Lidia-Reinoso.jpg\" \/>\n\t<meta property=\"og:image:width\" content=\"720\" \/>\n\t<meta property=\"og:image:height\" content=\"360\" \/>\n\t<meta property=\"og:image:type\" content=\"image\/jpeg\" \/>\n<meta name=\"author\" content=\"Celia Arroyo\" \/>\n<meta name=\"twitter:card\" content=\"summary\" \/>\n<meta name=\"twitter:label1\" content=\"Escrito por\" \/>\n\t<meta name=\"twitter:data1\" content=\"Celia Arroyo\" \/>\n\t<meta name=\"twitter:label2\" content=\"Tiempo de lectura\" \/>\n\t<meta name=\"twitter:data2\" content=\"1 minuto\" \/>\n<script type=\"application\/ld+json\" class=\"yoast-schema-graph\">{\"@context\":\"https:\/\/schema.org\",\"@graph\":[{\"@type\":\"WebSite\",\"@id\":\"https:\/\/www.cronoshare.com\/blog\/#website\",\"url\":\"https:\/\/www.cronoshare.com\/blog\/\",\"name\":\"Blog de Cronoshare\",\"description\":\"Encuentra los Mejores Profesionales de Servicios Locales\",\"potentialAction\":[{\"@type\":\"SearchAction\",\"target\":{\"@type\":\"EntryPoint\",\"urlTemplate\":\"https:\/\/www.cronoshare.com\/blog\/?s={search_term_string}\"},\"query-input\":\"required name=search_term_string\"}],\"inLanguage\":\"es\"},{\"@type\":\"ImageObject\",\"inLanguage\":\"es\",\"@id\":\"https:\/\/www.cronoshare.com\/blog\/profesionales-destacados-entrevista-a-lidia-reinoso-maquilladora-profesional-podcast\/#primaryimage\",\"url\":\"https:\/\/www.cronoshare.com\/blog\/wp-content\/uploads\/2020\/03\/Profesionales-Destacados-Lidia-Reinoso.jpg\",\"contentUrl\":\"https:\/\/www.cronoshare.com\/blog\/wp-content\/uploads\/2020\/03\/Profesionales-Destacados-Lidia-Reinoso.jpg\",\"width\":720,\"height\":360,\"caption\":\"Profesionales Destacados Lidia Reinoso\"},{\"@type\":\"WebPage\",\"@id\":\"https:\/\/www.cronoshare.com\/blog\/profesionales-destacados-entrevista-a-lidia-reinoso-maquilladora-profesional-podcast\/#webpage\",\"url\":\"https:\/\/www.cronoshare.com\/blog\/profesionales-destacados-entrevista-a-lidia-reinoso-maquilladora-profesional-podcast\/\",\"name\":\"Profesionales Destacados: Entrevista a Lidia Reinoso [Podcast]\",\"isPartOf\":{\"@id\":\"https:\/\/www.cronoshare.com\/blog\/#website\"},\"primaryImageOfPage\":{\"@id\":\"https:\/\/www.cronoshare.com\/blog\/profesionales-destacados-entrevista-a-lidia-reinoso-maquilladora-profesional-podcast\/#primaryimage\"},\"datePublished\":\"2020-03-12T15:27:52+00:00\",\"dateModified\":\"2020-03-12T15:27:52+00:00\",\"author\":{\"@id\":\"https:\/\/www.cronoshare.com\/blog\/#\/schema\/person\/d7c2f8b2690d6f9815a9d2f7999c36f9\"},\"description\":\"Lidia Reinoso es una maquilladora profesional que protagoniza esta vez la secci\u00f3n de Profesionales Destacados. \u00a1Entra a conocerla!\",\"breadcrumb\":{\"@id\":\"https:\/\/www.cronoshare.com\/blog\/profesionales-destacados-entrevista-a-lidia-reinoso-maquilladora-profesional-podcast\/#breadcrumb\"},\"inLanguage\":\"es\",\"potentialAction\":[{\"@type\":\"ReadAction\",\"target\":[\"https:\/\/www.cronoshare.com\/blog\/profesionales-destacados-entrevista-a-lidia-reinoso-maquilladora-profesional-podcast\/\"]}]},{\"@type\":\"BreadcrumbList\",\"@id\":\"https:\/\/www.cronoshare.com\/blog\/profesionales-destacados-entrevista-a-lidia-reinoso-maquilladora-profesional-podcast\/#breadcrumb\",\"itemListElement\":[{\"@type\":\"ListItem\",\"position\":1,\"name\":\"Portada\",\"item\":\"https:\/\/www.cronoshare.com\/blog\/\"},{\"@type\":\"ListItem\",\"position\":2,\"name\":\"Profesionales Destacados: Entrevista a Lidia Reinoso, Maquilladora Profesional [Podcast]\"}]},{\"@type\":\"Person\",\"@id\":\"https:\/\/www.cronoshare.com\/blog\/#\/schema\/person\/d7c2f8b2690d6f9815a9d2f7999c36f9\",\"name\":\"Celia Arroyo\",\"image\":{\"@type\":\"ImageObject\",\"inLanguage\":\"es\",\"@id\":\"https:\/\/www.cronoshare.com\/blog\/#\/schema\/person\/image\/\",\"url\":\"https:\/\/secure.gravatar.com\/avatar\/fe09dd60bd27aab7079a1254b45b95d3?s=96&d=mm&r=g\",\"contentUrl\":\"https:\/\/secure.gravatar.com\/avatar\/fe09dd60bd27aab7079a1254b45b95d3?s=96&d=mm&r=g\",\"caption\":\"Celia Arroyo\"},\"description\":\"Digital Marketing Assistant en Cronoshare. Su amor por la escritura la impuls\u00f3 a estudiar el Grado de Estudios Hisp\u00e1nicos en la Universidad de Valencia. M\u00e1s tarde se adentr\u00f3 en el mundo del Marketing de la mano de la Escuela de Organizaci\u00f3n Industrial y ha seguido especializ\u00e1ndose en la redacci\u00f3n de contenidos a trav\u00e9s de m\u00faltiples cursos.\",\"url\":\"https:\/\/www.cronoshare.com\/blog\/author\/celia\/\"}]}<\/script>\n<!-- \/ Yoast SEO Premium plugin. -->","yoast_head_json":{"title":"Profesionales Destacados: Entrevista a Lidia Reinoso [Podcast]","description":"Lidia Reinoso es una maquilladora profesional que protagoniza esta vez la secci\u00f3n de Profesionales Destacados. \u00a1Entra a conocerla!","robots":{"index":"index","follow":"follow","max-snippet":"max-snippet:-1","max-image-preview":"max-image-preview:large","max-video-preview":"max-video-preview:-1"},"canonical":"https:\/\/www.cronoshare.com\/blog\/profesionales-destacados-entrevista-a-lidia-reinoso-maquilladora-profesional-podcast\/","og_locale":"es_ES","og_type":"article","og_title":"Profesionales Destacados: Entrevista a Lidia Reinoso, Maquilladora Profesional [Podcast]","og_description":"Lidia Reinoso es una maquilladora profesional que protagoniza esta vez la secci\u00f3n de Profesionales Destacados. \u00a1Entra a conocerla!","og_url":"https:\/\/www.cronoshare.com\/blog\/profesionales-destacados-entrevista-a-lidia-reinoso-maquilladora-profesional-podcast\/","og_site_name":"Blog de Cronoshare","article_published_time":"2020-03-12T15:27:52+00:00","og_image":[{"width":720,"height":360,"url":"https:\/\/www.cronoshare.com\/blog\/wp-content\/uploads\/2020\/03\/Profesionales-Destacados-Lidia-Reinoso.jpg","type":"image\/jpeg"}],"author":"Celia Arroyo","twitter_card":"summary","twitter_misc":{"Escrito por":"Celia Arroyo","Tiempo de lectura":"1 minuto"},"schema":{"@context":"https:\/\/schema.org","@graph":[{"@type":"WebSite","@id":"https:\/\/www.cronoshare.com\/blog\/#website","url":"https:\/\/www.cronoshare.com\/blog\/","name":"Blog de Cronoshare","description":"Encuentra los Mejores Profesionales de Servicios Locales","potentialAction":[{"@type":"SearchAction","target":{"@type":"EntryPoint","urlTemplate":"https:\/\/www.cronoshare.com\/blog\/?s={search_term_string}"},"query-input":"required name=search_term_string"}],"inLanguage":"es"},{"@type":"ImageObject","inLanguage":"es","@id":"https:\/\/www.cronoshare.com\/blog\/profesionales-destacados-entrevista-a-lidia-reinoso-maquilladora-profesional-podcast\/#primaryimage","url":"https:\/\/www.cronoshare.com\/blog\/wp-content\/uploads\/2020\/03\/Profesionales-Destacados-Lidia-Reinoso.jpg","contentUrl":"https:\/\/www.cronoshare.com\/blog\/wp-content\/uploads\/2020\/03\/Profesionales-Destacados-Lidia-Reinoso.jpg","width":720,"height":360,"caption":"Profesionales Destacados Lidia Reinoso"},{"@type":"WebPage","@id":"https:\/\/www.cronoshare.com\/blog\/profesionales-destacados-entrevista-a-lidia-reinoso-maquilladora-profesional-podcast\/#webpage","url":"https:\/\/www.cronoshare.com\/blog\/profesionales-destacados-entrevista-a-lidia-reinoso-maquilladora-profesional-podcast\/","name":"Profesionales Destacados: Entrevista a Lidia Reinoso [Podcast]","isPartOf":{"@id":"https:\/\/www.cronoshare.com\/blog\/#website"},"primaryImageOfPage":{"@id":"https:\/\/www.cronoshare.com\/blog\/profesionales-destacados-entrevista-a-lidia-reinoso-maquilladora-profesional-podcast\/#primaryimage"},"datePublished":"2020-03-12T15:27:52+00:00","dateModified":"2020-03-12T15:27:52+00:00","author":{"@id":"https:\/\/www.cronoshare.com\/blog\/#\/schema\/person\/d7c2f8b2690d6f9815a9d2f7999c36f9"},"description":"Lidia Reinoso es una maquilladora profesional que protagoniza esta vez la secci\u00f3n de Profesionales Destacados. \u00a1Entra a conocerla!","breadcrumb":{"@id":"https:\/\/www.cronoshare.com\/blog\/profesionales-destacados-entrevista-a-lidia-reinoso-maquilladora-profesional-podcast\/#breadcrumb"},"inLanguage":"es","potentialAction":[{"@type":"ReadAction","target":["https:\/\/www.cronoshare.com\/blog\/profesionales-destacados-entrevista-a-lidia-reinoso-maquilladora-profesional-podcast\/"]}]},{"@type":"BreadcrumbList","@id":"https:\/\/www.cronoshare.com\/blog\/profesionales-destacados-entrevista-a-lidia-reinoso-maquilladora-profesional-podcast\/#breadcrumb","itemListElement":[{"@type":"ListItem","position":1,"name":"Portada","item":"https:\/\/www.cronoshare.com\/blog\/"},{"@type":"ListItem","position":2,"name":"Profesionales Destacados: Entrevista a Lidia Reinoso, Maquilladora Profesional [Podcast]"}]},{"@type":"Person","@id":"https:\/\/www.cronoshare.com\/blog\/#\/schema\/person\/d7c2f8b2690d6f9815a9d2f7999c36f9","name":"Celia Arroyo","image":{"@type":"ImageObject","inLanguage":"es","@id":"https:\/\/www.cronoshare.com\/blog\/#\/schema\/person\/image\/","url":"https:\/\/secure.gravatar.com\/avatar\/fe09dd60bd27aab7079a1254b45b95d3?s=96&d=mm&r=g","contentUrl":"https:\/\/secure.gravatar.com\/avatar\/fe09dd60bd27aab7079a1254b45b95d3?s=96&d=mm&r=g","caption":"Celia Arroyo"},"description":"Digital Marketing Assistant en Cronoshare. Su amor por la escritura la impuls\u00f3 a estudiar el Grado de Estudios Hisp\u00e1nicos en la Universidad de Valencia. M\u00e1s tarde se adentr\u00f3 en el mundo del Marketing de la mano de la Escuela de Organizaci\u00f3n Industrial y ha seguido especializ\u00e1ndose en la redacci\u00f3n de contenidos a trav\u00e9s de m\u00faltiples cursos.","url":"https:\/\/www.cronoshare.com\/blog\/author\/celia\/"}]}},"_links":{"self":[{"href":"https:\/\/www.cronoshare.com\/blog\/wp-json\/wp\/v2\/posts\/21524"}],"collection":[{"href":"https:\/\/www.cronoshare.com\/blog\/wp-json\/wp\/v2\/posts"}],"about":[{"href":"https:\/\/www.cronoshare.com\/blog\/wp-json\/wp\/v2\/types\/post"}],"author":[{"embeddable":true,"href":"https:\/\/www.cronoshare.com\/blog\/wp-json\/wp\/v2\/users\/9"}],"replies":[{"embeddable":true,"href":"https:\/\/www.cronoshare.com\/blog\/wp-json\/wp\/v2\/comments?post=21524"}],"version-history":[{"count":5,"href":"https:\/\/www.cronoshare.com\/blog\/wp-json\/wp\/v2\/posts\/21524\/revisions"}],"predecessor-version":[{"id":21531,"href":"https:\/\/www.cronoshare.com\/blog\/wp-json\/wp\/v2\/posts\/21524\/revisions\/21531"}],"wp:featuredmedia":[{"embeddable":true,"href":"https:\/\/www.cronoshare.com\/blog\/wp-json\/wp\/v2\/media\/21527"}],"wp:attachment":[{"href":"https:\/\/www.cronoshare.com\/blog\/wp-json\/wp\/v2\/media?parent=21524"}],"wp:term":[{"taxonomy":"category","embeddable":true,"href":"https:\/\/www.cronoshare.com\/blog\/wp-json\/wp\/v2\/categories?post=21524"},{"taxonomy":"post_tag","embeddable":true,"href":"https:\/\/www.cronoshare.com\/blog\/wp-json\/wp\/v2\/tags?post=21524"}],"curies":[{"name":"wp","href":"https:\/\/api.w.org\/{rel}","templated":true}]}}