{"id":24469,"date":"2020-10-15T17:40:56","date_gmt":"2020-10-15T15:40:56","guid":{"rendered":"https:\/\/www.cronoshare.com\/blog\/?p=24469"},"modified":"2020-10-15T17:40:56","modified_gmt":"2020-10-15T15:40:56","slug":"profesionales-destacados-de-cronoshare-entrevista-anna-jimenez","status":"publish","type":"post","link":"https:\/\/www.cronoshare.com\/blog\/profesionales-destacados-de-cronoshare-entrevista-anna-jimenez\/","title":{"rendered":"Profesionales Destacados de Cronoshare: Entrevista a Anna Jim\u00e9nez"},"content":{"rendered":"<p><a href=\"https:\/\/www.cronoshare.com\/croner-2694138-anna-j\">Anna Jim\u00e9nez<\/a> es una asesora nutricional y farmac\u00e9utica con 20 a\u00f1os de experiencia en mejorar la salud de sus pacientes. Su filosof\u00eda es la \u00abSalud Nutricional\u00bb, basada en una Nutrici\u00f3n Hol\u00edstica, que va m\u00e1s all\u00e1 de la composici\u00f3n de los alimentos y de contar calor\u00edas.<\/p>\n<p>Nos cuenta que su nutrici\u00f3n es aquella que sigue el curso natural de la vida; que sigue los biorritmos, escucha cada cuerpo y sus necesidades, y tiene en cuenta todos los factores que afectan a la salud en los diferentes \u00e1mbitos de la vida: f\u00edsico, emocional y mental. <\/p>\n<p>Por lo tanto nos indica que ayuda a sus pacientes mejorando sus h\u00e1bitos de vida, tanto nutricionales como emocionales, para que haya un equilibrio que mantenga la salud evitando la toxicidad y enfermedades cr\u00f3nicas.<\/p>\n<p><img loading=\"lazy\" src=\"https:\/\/www.cronoshare.com\/blog\/wp-content\/uploads\/2020\/10\/Profesionales-Destacados-Anna-Jim\u00e9nez.jpg\" alt=\"Profesionales Destacados Anna Jim\u00e9nez\" width=\"720\" height=\"400\" class=\"alignnone size-full wp-image-24470\" \/><\/p>\n<p><strong>Anna Jim\u00e9nez<\/strong> protagoniza esta vez la secci\u00f3n de <strong><a href=\"https:\/\/www.cronoshare.com\/blog\/tag\/entrevistas\/\" target=\"_blank\" rel=\"noopener noreferrer\">entrevistas a los profesionales destacados de Cronoshare<\/a><\/strong>. Aqu\u00ed daremos mensualmente voz a los mejores profesionales que han confiado en <a title=\"Encuentra clientes cercanos a ti para tu negocio\" href=\"https:\/\/www.cronoshare.com\/registrar-empresa?ctm_source=blog&#038;ctm_medium=blog&#038;ctm_campaign=profesionales-destacados-de-cronoshare-entrevista-anna-jimenez\" target=\"_blank\" rel=\"noopener noreferrer\">Cronoshare<\/a>.<\/p>\n<p>As\u00ed, nos contar\u00e1n sus experiencias y an\u00e9cdotas y ofrecer\u00e1n sus mejores consejos a toda la comunidad de profesionales.<\/p>\n<div class=\"message_box announce txt-center\"><strong>\u00bfQuieres empezar a conseguir clientes para tu negocio?<\/strong><br \/>\n<br \/>\n<a class=\"btn btn-naranja btn-lg\" href=\"https:\/\/www.cronoshare.com\/registrar-empresa?ctm_source=blog&#038;ctm_medium=blog&#038;ctm_campaign=profesionales-destacados-de-cronoshare-entrevista-anna-jimenez\">REG\u00cdSTRATE GRATIS<\/a><\/div>\n<div class=\"border-gray\" style=\"display: table; width: 100%;\">\n<div style=\"width: 80%; display: table-cell; vertical-align: top;\">\n<p><strong>Nombre: <\/strong>Anna Jim\u00e9nez<br \/>\n<strong>Sector profesional:<\/strong> Nutrici\u00f3n<br \/>\n<strong>Zona de trabajo:<\/strong> Blanes (Girona)<br \/>\n<strong>Valoraci\u00f3n media de clientes:<\/strong> 10\n<\/div>\n<div style=\"width: 20%; display: table-cell;\">\n<script id=\"cronoscript\" src=\"https:\/\/www.cronoshare.com\/assets\/cronoSealWidget-ba977fd463539c4e3a5e7cec83eb3f99.js\" type=\"text\/javascript\" domain=\"https:\/\/www.cronoshare.com\" csspath=\"\/assets\/cronoSealWidget-c1a93f6d3bd9edeb8fc8ba80fcc1be00.css\"><\/script><a href=\"https:\/\/www.cronoshare.com\/croner-2694138-anna-j\" target=\"_blank\" title=\"Mira el perfil de Anna, Nutricionista en Cronoshare\" class=\"cronoWidget\" style=\"width: 186px; height: 186px\" rel=\"noopener noreferrer\"><svg viewBox=\"0 0 100 100\"><defs><path id=\"arc\" d=\"M11 50 A 39 39 0 0 0 89 50\"><\/path><\/defs><circle cx=\"50%\" cy=\"50%\" r=\"50%\" fill=\"#49abe8\"><\/circle><circle cx=\"50%\" cy=\"50%\" r=\"43%\" stroke=\"#ffffff\" stroke-width=\"1.2%\" fill-opacity=\"0\"><\/circle><image width=\"80%\" x=\"10%\" y=\"35%\" href=\"https:\/\/www.cronoshare.com\/assets\/badges\/logo-white-c222fc5c75f7d53b680cfe6d261441b8.svg\"><\/image><image width=\"90%\" x=\"5%\" y=\"2%\" href=\"https:\/\/www.cronoshare.com\/assets\/badges\/favicon-white-3a4f90933fc25f13b321271f8d8861c3.svg\"><\/image><text text-anchor=\"middle\" x=\"50%\" y=\"60%\" fill=\"#ffffff\" font-family=\"Calibri\" font-size=\"70%\" font-weight=\"bold\">PROFESIONAL<\/text><text fill=\"#ffffff\" font-family=\"Calibri\" font-size=\"70%\" text-anchor=\"middle\"><textPath xlink:href=\"#arc\" startOffset=\"50%\">DESDE 2020<\/textPath><\/text><\/svg><\/a><\/div>\n<\/div>\n<p>&nbsp;<\/p>\n<h1>Profesionales Destacados de Cronoshare: Anna Jim\u00e9nez<\/h1>\n<p><strong>\u00bfC\u00f3mo y cu\u00e1ndo decidiste empezar a colaborar en Cronoshare? \u00bfCon qu\u00e9 frecuencia utilizas la plataforma?<\/strong><\/p>\n<p>Me registr\u00e9 hace menos de 3 meses y la utilizo cada d\u00eda.<\/p>\n<p><strong>\u00bfQu\u00e9 te gusta de tu trabajo? \u00bfQu\u00e9 te diferencia del resto de profesionales de tu sector?<\/strong><\/p>\n<p>Mi pasi\u00f3n es ayudar a la gente a crear unos h\u00e1bitos de vida saludables adapt\u00e1ndolos a su rutina diaria desde la Nutrici\u00f3n Hol\u00edstica, la cual no solo tiene en cuenta la alimentaci\u00f3n mediante la dieta, sino tambi\u00e9n la alimentaci\u00f3n en todos los \u00e1mbitos de la vida. <\/p>\n<p>Es una nutrici\u00f3n natural que escucha las necesidades de nuestro cuerpo en cada momento: los biorritmos, estados emocionales, etc. Va m\u00e1s all\u00e1 de paliar los s\u00edntomas; va a buscar el motivo del problema para as\u00ed resolverlo de ra\u00edz y prevenir que vuelva a aparecer. Considero que solo de ese modo se obtienen excelentes resultados, y duraderos.<\/p>\n<p><strong>\u00bfCu\u00e1ntos clientes o trabajos has conseguido con nosotros? Pon algunos ejemplos si los recuerdas.<\/strong><\/p>\n<p>He trabajado con aproximadamente 8 clientes con Cronoshare. Algunos de ellos con problemas de salud, los cuales han notado mucha mejor\u00eda con tan solo 3 visitas. Incluso en uno de los pacientes hemos podido reducir medicaci\u00f3n.<\/p>\n<div class=\"message_box note txt-center\"><img loading=\"lazy\" class=\"aligncenter size-full wp-image-4701\" src=\"https:\/\/www.cronoshare.com\/blog\/wp-content\/uploads\/2017\/10\/stars.png\" alt=\"stars\" width=\"250\" height=\"44\" \/><strong>Opini\u00f3n de cliente destacada<\/strong><br \/>\nAna ha opinado: Magn\u00edfica, seria y profesional. Me est\u00e1 ayudando mucho a conseguir mis objetivos.<br \/>\n<strong>Nota: 10<\/strong><br \/>\nAna, 18-09-2020<\/div>\n<p><strong>\u00bfQu\u00e9 pasos o m\u00e9todo sigues para contactar y\/o conseguir un cliente o trabajo?<\/strong><\/p>\n<p>Primero reviso todos los correos de clientes. Marco los m\u00e1s interesantes a mi parecer. Cuando he terminado de revisarlos todos, me centro en los marcados y, por orden de m\u00e1s inter\u00e9s, decido contactar. <\/p>\n<p>En cuanto recibo el tel\u00e9fono llamo al cliente, si esa era su preferencia de v\u00eda de contacto. Si no, pues env\u00edo un WhatsApp.<\/p>\n<p><strong>\u00bfTienes alguna an\u00e9cdota interesante sobre alg\u00fan cliente? <\/strong><\/p>\n<p>No s\u00e9 si se podr\u00eda decir an\u00e9cdota, pero lo que me hizo empezar con esto fue el r\u00e1pido inicio y los resultados que obtuve. Nada m\u00e1s inscribirme obtuve mi primer cliente y, justo despu\u00e9s de esa primera visita, ya logr\u00e9 contratar a mi segundo cliente esa misma tarde. <\/p>\n<p>Este hecho me hizo pensar y ahora sigo con m\u00e1s \u00e1nimos llegando hasta plantearme una dedicaci\u00f3n exclusiva.<\/p>\n<p><strong>\u00bfQu\u00e9 consejos le dar\u00edas a los profesionales que quieren empezar a colaborar en Cronoshare?<\/strong><\/p>\n<p>Les animo plenamente porque puedo constatar que Cronoshare funciona y es una herramienta muy pr\u00e1ctica y muy necesaria cuando est\u00e1s al inicio de emprender, y muchas veces no sabes c\u00f3mo hacerte ver y necesitas una ayuda.<\/p>\n<div class=\"message_box announce txt-center\"><strong>\u00bfQuieres empezar a conseguir clientes para tu negocio?<\/strong><br \/>\n<br \/>\n<a class=\"btn btn-naranja btn-lg\" href=\"https:\/\/www.cronoshare.com\/registrar-empresa?ctm_source=blog&#038;ctm_medium=blog&#038;ctm_campaign=profesionales-destacados-de-cronoshare-entrevista-anna-jimenez\">REG\u00cdSTRATE GRATIS<\/a><\/div>\n<div class=\"message_box box-interview\"><img loading=\"lazy\" class=\"alignleft size-full wp-image-10016\" src=\"https:\/\/www.cronoshare.com\/blog\/wp-content\/uploads\/2018\/09\/ico_interview.png\" alt=\"ico_interview\" width=\"40\" height=\"40\" \/><\/p>\n<p style=\"font-size: 14px\">Si eres un profesional de Cronoshare y quieres aparecer en nuestra secci\u00f3n de Profesionales Destacados, puedes obtener m\u00e1s informaci\u00f3n sobre c\u00f3mo conseguirlo a trav\u00e9s de <a href=\"https:\/\/soporte.cronoshare.com\/hc\/es\/articles\/360015325872\">este enlace<\/a>.<\/p>\n<\/div>\n","protected":false},"excerpt":{"rendered":"<p>Anna Jim\u00e9nez es una asesora nutricional y farmac\u00e9utica con 20 a\u00f1os de experiencia en mejorar la salud de sus pacientes. Su filosof\u00eda es la \u00abSalud Nutricional\u00bb, basada en una Nutrici\u00f3n Hol\u00edstica, que va m\u00e1s all\u00e1 de la composici\u00f3n de los alimentos y de contar calor\u00edas. Nos cuenta que su nutrici\u00f3n es aquella que sigue el [&hellip;]<\/p>\n","protected":false},"author":9,"featured_media":24470,"comment_status":"open","ping_status":"closed","sticky":false,"template":"","format":"standard","meta":[],"categories":[3211],"tags":[3210],"yoast_head":"<!-- This site is optimized with the Yoast SEO Premium plugin v18.8 (Yoast SEO v19.2) - https:\/\/yoast.com\/wordpress\/plugins\/seo\/ -->\n<title>Profesionales Destacados de Cronoshare: Entrevista a Anna Jim\u00e9nez<\/title>\n<meta name=\"description\" content=\"Anna Jim\u00e9nez es una nutricionista que protagoniza esta vez la secci\u00f3n de Profesionales Destacados. \u00a1Entra a conocer m\u00e1s sobre su trabajo!\" \/>\n<meta name=\"robots\" content=\"index, follow, max-snippet:-1, max-image-preview:large, max-video-preview:-1\" \/>\n<link rel=\"canonical\" href=\"https:\/\/www.cronoshare.com\/blog\/profesionales-destacados-de-cronoshare-entrevista-anna-jimenez\/\" \/>\n<meta property=\"og:locale\" content=\"es_ES\" \/>\n<meta property=\"og:type\" content=\"article\" \/>\n<meta property=\"og:title\" content=\"Profesionales Destacados de Cronoshare: Entrevista a Anna Jim\u00e9nez\" \/>\n<meta property=\"og:description\" content=\"Anna Jim\u00e9nez es una nutricionista que protagoniza esta vez la secci\u00f3n de Profesionales Destacados. \u00a1Entra a conocer m\u00e1s sobre su trabajo!\" \/>\n<meta property=\"og:url\" content=\"https:\/\/www.cronoshare.com\/blog\/profesionales-destacados-de-cronoshare-entrevista-anna-jimenez\/\" \/>\n<meta property=\"og:site_name\" content=\"Blog de Cronoshare\" \/>\n<meta property=\"article:published_time\" content=\"2020-10-15T15:40:56+00:00\" \/>\n<meta property=\"og:image\" content=\"https:\/\/www.cronoshare.com\/blog\/wp-content\/uploads\/2020\/10\/Profesionales-Destacados-Anna-Jim\u00e9nez.jpg\" \/>\n\t<meta property=\"og:image:width\" content=\"720\" \/>\n\t<meta property=\"og:image:height\" content=\"400\" \/>\n\t<meta property=\"og:image:type\" content=\"image\/jpeg\" \/>\n<meta name=\"author\" content=\"Celia Arroyo\" \/>\n<meta name=\"twitter:card\" content=\"summary\" \/>\n<meta name=\"twitter:label1\" content=\"Escrito por\" \/>\n\t<meta name=\"twitter:data1\" content=\"Celia Arroyo\" \/>\n\t<meta name=\"twitter:label2\" content=\"Tiempo de lectura\" \/>\n\t<meta name=\"twitter:data2\" content=\"4 minutos\" \/>\n<script type=\"application\/ld+json\" class=\"yoast-schema-graph\">{\"@context\":\"https:\/\/schema.org\",\"@graph\":[{\"@type\":\"WebSite\",\"@id\":\"https:\/\/www.cronoshare.com\/blog\/#website\",\"url\":\"https:\/\/www.cronoshare.com\/blog\/\",\"name\":\"Blog de Cronoshare\",\"description\":\"Encuentra los Mejores Profesionales de Servicios Locales\",\"potentialAction\":[{\"@type\":\"SearchAction\",\"target\":{\"@type\":\"EntryPoint\",\"urlTemplate\":\"https:\/\/www.cronoshare.com\/blog\/?s={search_term_string}\"},\"query-input\":\"required name=search_term_string\"}],\"inLanguage\":\"es\"},{\"@type\":\"ImageObject\",\"inLanguage\":\"es\",\"@id\":\"https:\/\/www.cronoshare.com\/blog\/profesionales-destacados-de-cronoshare-entrevista-anna-jimenez\/#primaryimage\",\"url\":\"https:\/\/www.cronoshare.com\/blog\/wp-content\/uploads\/2020\/10\/Profesionales-Destacados-Anna-Jim\u00e9nez.jpg\",\"contentUrl\":\"https:\/\/www.cronoshare.com\/blog\/wp-content\/uploads\/2020\/10\/Profesionales-Destacados-Anna-Jim\u00e9nez.jpg\",\"width\":720,\"height\":400,\"caption\":\"Profesionales Destacados Anna Jim\u00e9nez\"},{\"@type\":\"WebPage\",\"@id\":\"https:\/\/www.cronoshare.com\/blog\/profesionales-destacados-de-cronoshare-entrevista-anna-jimenez\/#webpage\",\"url\":\"https:\/\/www.cronoshare.com\/blog\/profesionales-destacados-de-cronoshare-entrevista-anna-jimenez\/\",\"name\":\"Profesionales Destacados de Cronoshare: Entrevista a Anna Jim\u00e9nez\",\"isPartOf\":{\"@id\":\"https:\/\/www.cronoshare.com\/blog\/#website\"},\"primaryImageOfPage\":{\"@id\":\"https:\/\/www.cronoshare.com\/blog\/profesionales-destacados-de-cronoshare-entrevista-anna-jimenez\/#primaryimage\"},\"datePublished\":\"2020-10-15T15:40:56+00:00\",\"dateModified\":\"2020-10-15T15:40:56+00:00\",\"author\":{\"@id\":\"https:\/\/www.cronoshare.com\/blog\/#\/schema\/person\/d7c2f8b2690d6f9815a9d2f7999c36f9\"},\"description\":\"Anna Jim\u00e9nez es una nutricionista que protagoniza esta vez la secci\u00f3n de Profesionales Destacados. \u00a1Entra a conocer m\u00e1s sobre su trabajo!\",\"breadcrumb\":{\"@id\":\"https:\/\/www.cronoshare.com\/blog\/profesionales-destacados-de-cronoshare-entrevista-anna-jimenez\/#breadcrumb\"},\"inLanguage\":\"es\",\"potentialAction\":[{\"@type\":\"ReadAction\",\"target\":[\"https:\/\/www.cronoshare.com\/blog\/profesionales-destacados-de-cronoshare-entrevista-anna-jimenez\/\"]}]},{\"@type\":\"BreadcrumbList\",\"@id\":\"https:\/\/www.cronoshare.com\/blog\/profesionales-destacados-de-cronoshare-entrevista-anna-jimenez\/#breadcrumb\",\"itemListElement\":[{\"@type\":\"ListItem\",\"position\":1,\"name\":\"Portada\",\"item\":\"https:\/\/www.cronoshare.com\/blog\/\"},{\"@type\":\"ListItem\",\"position\":2,\"name\":\"Profesionales Destacados de Cronoshare: Entrevista a Anna Jim\u00e9nez\"}]},{\"@type\":\"Person\",\"@id\":\"https:\/\/www.cronoshare.com\/blog\/#\/schema\/person\/d7c2f8b2690d6f9815a9d2f7999c36f9\",\"name\":\"Celia Arroyo\",\"image\":{\"@type\":\"ImageObject\",\"inLanguage\":\"es\",\"@id\":\"https:\/\/www.cronoshare.com\/blog\/#\/schema\/person\/image\/\",\"url\":\"https:\/\/secure.gravatar.com\/avatar\/fe09dd60bd27aab7079a1254b45b95d3?s=96&d=mm&r=g\",\"contentUrl\":\"https:\/\/secure.gravatar.com\/avatar\/fe09dd60bd27aab7079a1254b45b95d3?s=96&d=mm&r=g\",\"caption\":\"Celia Arroyo\"},\"description\":\"Digital Marketing Assistant en Cronoshare. Su amor por la escritura la impuls\u00f3 a estudiar el Grado de Estudios Hisp\u00e1nicos en la Universidad de Valencia. M\u00e1s tarde se adentr\u00f3 en el mundo del Marketing de la mano de la Escuela de Organizaci\u00f3n Industrial y ha seguido especializ\u00e1ndose en la redacci\u00f3n de contenidos a trav\u00e9s de m\u00faltiples cursos.\",\"url\":\"https:\/\/www.cronoshare.com\/blog\/author\/celia\/\"}]}<\/script>\n<!-- \/ Yoast SEO Premium plugin. -->","yoast_head_json":{"title":"Profesionales Destacados de Cronoshare: Entrevista a Anna Jim\u00e9nez","description":"Anna Jim\u00e9nez es una nutricionista que protagoniza esta vez la secci\u00f3n de Profesionales Destacados. \u00a1Entra a conocer m\u00e1s sobre su trabajo!","robots":{"index":"index","follow":"follow","max-snippet":"max-snippet:-1","max-image-preview":"max-image-preview:large","max-video-preview":"max-video-preview:-1"},"canonical":"https:\/\/www.cronoshare.com\/blog\/profesionales-destacados-de-cronoshare-entrevista-anna-jimenez\/","og_locale":"es_ES","og_type":"article","og_title":"Profesionales Destacados de Cronoshare: Entrevista a Anna Jim\u00e9nez","og_description":"Anna Jim\u00e9nez es una nutricionista que protagoniza esta vez la secci\u00f3n de Profesionales Destacados. \u00a1Entra a conocer m\u00e1s sobre su trabajo!","og_url":"https:\/\/www.cronoshare.com\/blog\/profesionales-destacados-de-cronoshare-entrevista-anna-jimenez\/","og_site_name":"Blog de Cronoshare","article_published_time":"2020-10-15T15:40:56+00:00","og_image":[{"width":720,"height":400,"url":"https:\/\/www.cronoshare.com\/blog\/wp-content\/uploads\/2020\/10\/Profesionales-Destacados-Anna-Jim\u00e9nez.jpg","type":"image\/jpeg"}],"author":"Celia Arroyo","twitter_card":"summary","twitter_misc":{"Escrito por":"Celia Arroyo","Tiempo de lectura":"4 minutos"},"schema":{"@context":"https:\/\/schema.org","@graph":[{"@type":"WebSite","@id":"https:\/\/www.cronoshare.com\/blog\/#website","url":"https:\/\/www.cronoshare.com\/blog\/","name":"Blog de Cronoshare","description":"Encuentra los Mejores Profesionales de Servicios Locales","potentialAction":[{"@type":"SearchAction","target":{"@type":"EntryPoint","urlTemplate":"https:\/\/www.cronoshare.com\/blog\/?s={search_term_string}"},"query-input":"required name=search_term_string"}],"inLanguage":"es"},{"@type":"ImageObject","inLanguage":"es","@id":"https:\/\/www.cronoshare.com\/blog\/profesionales-destacados-de-cronoshare-entrevista-anna-jimenez\/#primaryimage","url":"https:\/\/www.cronoshare.com\/blog\/wp-content\/uploads\/2020\/10\/Profesionales-Destacados-Anna-Jim\u00e9nez.jpg","contentUrl":"https:\/\/www.cronoshare.com\/blog\/wp-content\/uploads\/2020\/10\/Profesionales-Destacados-Anna-Jim\u00e9nez.jpg","width":720,"height":400,"caption":"Profesionales Destacados Anna Jim\u00e9nez"},{"@type":"WebPage","@id":"https:\/\/www.cronoshare.com\/blog\/profesionales-destacados-de-cronoshare-entrevista-anna-jimenez\/#webpage","url":"https:\/\/www.cronoshare.com\/blog\/profesionales-destacados-de-cronoshare-entrevista-anna-jimenez\/","name":"Profesionales Destacados de Cronoshare: Entrevista a Anna Jim\u00e9nez","isPartOf":{"@id":"https:\/\/www.cronoshare.com\/blog\/#website"},"primaryImageOfPage":{"@id":"https:\/\/www.cronoshare.com\/blog\/profesionales-destacados-de-cronoshare-entrevista-anna-jimenez\/#primaryimage"},"datePublished":"2020-10-15T15:40:56+00:00","dateModified":"2020-10-15T15:40:56+00:00","author":{"@id":"https:\/\/www.cronoshare.com\/blog\/#\/schema\/person\/d7c2f8b2690d6f9815a9d2f7999c36f9"},"description":"Anna Jim\u00e9nez es una nutricionista que protagoniza esta vez la secci\u00f3n de Profesionales Destacados. \u00a1Entra a conocer m\u00e1s sobre su trabajo!","breadcrumb":{"@id":"https:\/\/www.cronoshare.com\/blog\/profesionales-destacados-de-cronoshare-entrevista-anna-jimenez\/#breadcrumb"},"inLanguage":"es","potentialAction":[{"@type":"ReadAction","target":["https:\/\/www.cronoshare.com\/blog\/profesionales-destacados-de-cronoshare-entrevista-anna-jimenez\/"]}]},{"@type":"BreadcrumbList","@id":"https:\/\/www.cronoshare.com\/blog\/profesionales-destacados-de-cronoshare-entrevista-anna-jimenez\/#breadcrumb","itemListElement":[{"@type":"ListItem","position":1,"name":"Portada","item":"https:\/\/www.cronoshare.com\/blog\/"},{"@type":"ListItem","position":2,"name":"Profesionales Destacados de Cronoshare: Entrevista a Anna Jim\u00e9nez"}]},{"@type":"Person","@id":"https:\/\/www.cronoshare.com\/blog\/#\/schema\/person\/d7c2f8b2690d6f9815a9d2f7999c36f9","name":"Celia Arroyo","image":{"@type":"ImageObject","inLanguage":"es","@id":"https:\/\/www.cronoshare.com\/blog\/#\/schema\/person\/image\/","url":"https:\/\/secure.gravatar.com\/avatar\/fe09dd60bd27aab7079a1254b45b95d3?s=96&d=mm&r=g","contentUrl":"https:\/\/secure.gravatar.com\/avatar\/fe09dd60bd27aab7079a1254b45b95d3?s=96&d=mm&r=g","caption":"Celia Arroyo"},"description":"Digital Marketing Assistant en Cronoshare. Su amor por la escritura la impuls\u00f3 a estudiar el Grado de Estudios Hisp\u00e1nicos en la Universidad de Valencia. M\u00e1s tarde se adentr\u00f3 en el mundo del Marketing de la mano de la Escuela de Organizaci\u00f3n Industrial y ha seguido especializ\u00e1ndose en la redacci\u00f3n de contenidos a trav\u00e9s de m\u00faltiples cursos.","url":"https:\/\/www.cronoshare.com\/blog\/author\/celia\/"}]}},"_links":{"self":[{"href":"https:\/\/www.cronoshare.com\/blog\/wp-json\/wp\/v2\/posts\/24469"}],"collection":[{"href":"https:\/\/www.cronoshare.com\/blog\/wp-json\/wp\/v2\/posts"}],"about":[{"href":"https:\/\/www.cronoshare.com\/blog\/wp-json\/wp\/v2\/types\/post"}],"author":[{"embeddable":true,"href":"https:\/\/www.cronoshare.com\/blog\/wp-json\/wp\/v2\/users\/9"}],"replies":[{"embeddable":true,"href":"https:\/\/www.cronoshare.com\/blog\/wp-json\/wp\/v2\/comments?post=24469"}],"version-history":[{"count":4,"href":"https:\/\/www.cronoshare.com\/blog\/wp-json\/wp\/v2\/posts\/24469\/revisions"}],"predecessor-version":[{"id":24474,"href":"https:\/\/www.cronoshare.com\/blog\/wp-json\/wp\/v2\/posts\/24469\/revisions\/24474"}],"wp:featuredmedia":[{"embeddable":true,"href":"https:\/\/www.cronoshare.com\/blog\/wp-json\/wp\/v2\/media\/24470"}],"wp:attachment":[{"href":"https:\/\/www.cronoshare.com\/blog\/wp-json\/wp\/v2\/media?parent=24469"}],"wp:term":[{"taxonomy":"category","embeddable":true,"href":"https:\/\/www.cronoshare.com\/blog\/wp-json\/wp\/v2\/categories?post=24469"},{"taxonomy":"post_tag","embeddable":true,"href":"https:\/\/www.cronoshare.com\/blog\/wp-json\/wp\/v2\/tags?post=24469"}],"curies":[{"name":"wp","href":"https:\/\/api.w.org\/{rel}","templated":true}]}}