{"id":549,"date":"2014-06-10T10:00:50","date_gmt":"2014-06-10T08:00:50","guid":{"rendered":"http:\/\/www.cronoshare.com\/blog\/?p=549"},"modified":"2016-11-29T12:47:11","modified_gmt":"2016-11-29T11:47:11","slug":"como-afrontar-un-despido-laboral","status":"publish","type":"post","link":"https:\/\/www.cronoshare.com\/blog\/como-afrontar-un-despido-laboral\/","title":{"rendered":"C\u00f3mo afrontar un despido laboral"},"content":{"rendered":"<p>\u00a1Hola croners!<\/p>\n<p>Hoy queremos daros algunos consejos para hacer frente al despido en una empresa de la manera menos dolorosa y frustrante posible.\u00a0\u00a0La desvinculaci\u00f3n de una compa\u00f1\u00eda es un tema para el que pocos est\u00e1n preparados, a\u00fan m\u00e1s cuando es de manera inesperada. Por esta raz\u00f3n es indispensable<strong> saber qu\u00e9 hacer y c\u00f3mo actuar ante este acontecimiento.<\/strong><\/p>\n<figure id=\"attachment_550\" aria-describedby=\"caption-attachment-550\" style=\"width: 512px\" class=\"wp-caption alignnone\"><a href=\"https:\/\/www.cronoshare.com\/blog\/wp-content\/uploads\/2014\/04\/asumir_un_despido.jpg\"><img loading=\"lazy\" class=\"size-full wp-image-550\" src=\"https:\/\/www.cronoshare.com\/blog\/wp-content\/uploads\/2014\/04\/asumir_un_despido.jpg\" alt=\"asumir_un_despido\" width=\"512\" height=\"332\" \/><\/a><figcaption id=\"caption-attachment-550\" class=\"wp-caption-text\">asumir_un_despido<\/figcaption><\/figure>\n<p><strong>El trabajo suele ser m\u00e1s que un aspecto de nuestras vidas.<\/strong> En \u00e9l conocemos personas, creamos v\u00ednculos personales, generamos un compromiso con nuestras actividad y en general nos adaptamos a una nueva cultura y nuevas costumbres en nuestra empresa, por tanto la salida de ella siempre generar\u00e1 dolor.<\/p>\n<p>Es normal tener una sensaci\u00f3n de frustraci\u00f3n y baja autoestima cuando nos despiden, pero tenemos que ser objetivo en cuanto al porqu\u00e9.<\/p>\n<p><strong>\u00bfQu\u00e9 ventajas me ofrec\u00eda este trabajo?<\/strong><\/p>\n<p><strong>\u00bfQu\u00e9 desventajas\u00a0me ofrec\u00eda este trabajo?<\/strong><\/p>\n<p><strong>\u00bfQu\u00e9 fortalezas y debilidades tengo como empleado de la compa\u00f1\u00eda?<\/strong><\/p>\n<p>Estas preguntas te ayudar\u00e1n a ver la situaci\u00f3n de una forma m\u00e1s objetiva, pues si entendemos las razones ser\u00e1 menos duro asumirlo, mientras que si no sabemos claramente porque nos despiden podemos estar d\u00e1ndole vueltas a la cabeza y poni\u00e9ndonos en lo peor durante bastante tiempo.<\/p>\n<p>Una vez tengamos claro el porque, podemos pasar a la siguiente fase: la estrategia.\u00a0Es primordial realizar un an\u00e1lisis personal donde identifique sus competencias, experiencia y perfil construido para enfrentar nuevos desaf\u00edos y buscar nuevas oportunidades laborales.<\/p>\n<p><strong>\u00bfQu\u00e9 hacer con la frustraci\u00f3n?<\/strong><\/p>\n<p>La autoevaluaci\u00f3n es la clave durante el proceso, de esta manera puede comprenderse mejor el motivo del despido y abrir la mente hacia nuevos proyectos. Existen m\u00faltiples razones para una despido, es vital reconocer los errores y los aciertos para tener un reconocimiento de s\u00ed mismo como trabajador.<\/p>\n<p>\u201cEs bueno darse un espacio para la frustraci\u00f3n, reconocer que la situaci\u00f3n no fue positiva, sin embargo no es bueno lamentarse por mucho tiempo y quedarse \u2018patinando\u2019 porque pueden generarse muchos da\u00f1os al pensar insistentemente en el tema\u201d, afirma Bonilla Rojas.<\/p>\n<p><strong>Recomendaciones de los especialistas:<\/strong><\/p>\n<p>&#8211; Tomate unos d\u00edas para asumir el cambio y ver las cosas con objetividad.<\/p>\n<p>&#8211; Intenta mantener una actitud positiva, los cambios siempre pueden ser beneficiosos y debemos ser conscientes para poder aprovecharlo.<\/p>\n<p>&#8211; Establ\u00e9zcase un objetivo profesional para saber cual ser\u00e1 su siguiente paso.<\/p>\n<p>&#8211; Create una red de contactos que pueda abrirte opciones laborales (amigos, familiares, compa\u00f1eros de clase&#8230;)<\/p>\n<p>&#8211; Realiza busquedas detalladas en paginas de empleo y foros de discusi\u00f3n para mantenerte actualizado sobre el mundo laboral.<\/p>\n<p>&#8211; Organice su tiempo, no caiga en la rutina pero tampoco se pase el d\u00eda en casa.<\/p>\n<p>&#8211; Aplique solo a las vacantes que cuadren con su perfil.<\/p>\n","protected":false},"excerpt":{"rendered":"<p>\u00a1Hola croners! Hoy queremos daros algunos consejos para hacer frente al despido en una empresa de la manera menos dolorosa y frustrante posible.\u00a0\u00a0La desvinculaci\u00f3n de una compa\u00f1\u00eda es un tema para el que pocos est\u00e1n preparados, a\u00fan m\u00e1s cuando es de manera inesperada. Por esta raz\u00f3n es indispensable saber qu\u00e9 hacer y c\u00f3mo actuar ante [&hellip;]<\/p>\n","protected":false},"author":3,"featured_media":0,"comment_status":"closed","ping_status":"closed","sticky":false,"template":"","format":"standard","meta":[],"categories":[952],"tags":[],"yoast_head":"<!-- This site is optimized with the Yoast SEO Premium plugin v18.8 (Yoast SEO v19.2) - https:\/\/yoast.com\/wordpress\/plugins\/seo\/ -->\n<title>C\u00f3mo afrontar un despido laboral - Blog de Cronoshare<\/title>\n<meta name=\"robots\" content=\"index, follow, max-snippet:-1, max-image-preview:large, max-video-preview:-1\" \/>\n<link rel=\"canonical\" href=\"https:\/\/www.cronoshare.com\/blog\/como-afrontar-un-despido-laboral\/\" \/>\n<meta property=\"og:locale\" content=\"es_ES\" \/>\n<meta property=\"og:type\" content=\"article\" \/>\n<meta property=\"og:title\" content=\"C\u00f3mo afrontar un despido laboral\" \/>\n<meta property=\"og:description\" content=\"\u00a1Hola croners! Hoy queremos daros algunos consejos para hacer frente al despido en una empresa de la manera menos dolorosa y frustrante posible.\u00a0\u00a0La desvinculaci\u00f3n de una compa\u00f1\u00eda es un tema para el que pocos est\u00e1n preparados, a\u00fan m\u00e1s cuando es de manera inesperada. Por esta raz\u00f3n es indispensable saber qu\u00e9 hacer y c\u00f3mo actuar ante [&hellip;]\" \/>\n<meta property=\"og:url\" content=\"https:\/\/www.cronoshare.com\/blog\/como-afrontar-un-despido-laboral\/\" \/>\n<meta property=\"og:site_name\" content=\"Blog de Cronoshare\" \/>\n<meta property=\"article:published_time\" content=\"2014-06-10T08:00:50+00:00\" \/>\n<meta property=\"article:modified_time\" content=\"2016-11-29T11:47:11+00:00\" \/>\n<meta property=\"og:image\" content=\"https:\/\/www.cronoshare.com\/blog\/wp-content\/uploads\/2014\/04\/asumir_un_despido.jpg\" \/>\n<meta name=\"author\" content=\"Carlos Redondo\" \/>\n<meta name=\"twitter:card\" content=\"summary\" \/>\n<meta name=\"twitter:label1\" content=\"Escrito por\" \/>\n\t<meta name=\"twitter:data1\" content=\"Carlos Redondo\" \/>\n\t<meta name=\"twitter:label2\" content=\"Tiempo de lectura\" \/>\n\t<meta name=\"twitter:data2\" content=\"2 minutos\" \/>\n<script type=\"application\/ld+json\" class=\"yoast-schema-graph\">{\"@context\":\"https:\/\/schema.org\",\"@graph\":[{\"@type\":\"WebSite\",\"@id\":\"https:\/\/www.cronoshare.com\/blog\/#website\",\"url\":\"https:\/\/www.cronoshare.com\/blog\/\",\"name\":\"Blog de Cronoshare\",\"description\":\"Encuentra los Mejores Profesionales de Servicios Locales\",\"potentialAction\":[{\"@type\":\"SearchAction\",\"target\":{\"@type\":\"EntryPoint\",\"urlTemplate\":\"https:\/\/www.cronoshare.com\/blog\/?s={search_term_string}\"},\"query-input\":\"required name=search_term_string\"}],\"inLanguage\":\"es\"},{\"@type\":\"ImageObject\",\"inLanguage\":\"es\",\"@id\":\"https:\/\/www.cronoshare.com\/blog\/como-afrontar-un-despido-laboral\/#primaryimage\",\"url\":\"https:\/\/www.cronoshare.com\/blog\/wp-content\/uploads\/2014\/04\/asumir_un_despido.jpg\",\"contentUrl\":\"https:\/\/www.cronoshare.com\/blog\/wp-content\/uploads\/2014\/04\/asumir_un_despido.jpg\",\"width\":512,\"height\":332,\"caption\":\"asumir_un_despido\"},{\"@type\":\"WebPage\",\"@id\":\"https:\/\/www.cronoshare.com\/blog\/como-afrontar-un-despido-laboral\/#webpage\",\"url\":\"https:\/\/www.cronoshare.com\/blog\/como-afrontar-un-despido-laboral\/\",\"name\":\"C\u00f3mo afrontar un despido laboral - Blog de Cronoshare\",\"isPartOf\":{\"@id\":\"https:\/\/www.cronoshare.com\/blog\/#website\"},\"primaryImageOfPage\":{\"@id\":\"https:\/\/www.cronoshare.com\/blog\/como-afrontar-un-despido-laboral\/#primaryimage\"},\"datePublished\":\"2014-06-10T08:00:50+00:00\",\"dateModified\":\"2016-11-29T11:47:11+00:00\",\"author\":{\"@id\":\"https:\/\/www.cronoshare.com\/blog\/#\/schema\/person\/3526a790eb5c8a3ca0ac43d67cfd8e7e\"},\"breadcrumb\":{\"@id\":\"https:\/\/www.cronoshare.com\/blog\/como-afrontar-un-despido-laboral\/#breadcrumb\"},\"inLanguage\":\"es\",\"potentialAction\":[{\"@type\":\"ReadAction\",\"target\":[\"https:\/\/www.cronoshare.com\/blog\/como-afrontar-un-despido-laboral\/\"]}]},{\"@type\":\"BreadcrumbList\",\"@id\":\"https:\/\/www.cronoshare.com\/blog\/como-afrontar-un-despido-laboral\/#breadcrumb\",\"itemListElement\":[{\"@type\":\"ListItem\",\"position\":1,\"name\":\"Portada\",\"item\":\"https:\/\/www.cronoshare.com\/blog\/\"},{\"@type\":\"ListItem\",\"position\":2,\"name\":\"C\u00f3mo afrontar un despido laboral\"}]},{\"@type\":\"Person\",\"@id\":\"https:\/\/www.cronoshare.com\/blog\/#\/schema\/person\/3526a790eb5c8a3ca0ac43d67cfd8e7e\",\"name\":\"Carlos Redondo\",\"image\":{\"@type\":\"ImageObject\",\"inLanguage\":\"es\",\"@id\":\"https:\/\/www.cronoshare.com\/blog\/#\/schema\/person\/image\/\",\"url\":\"https:\/\/secure.gravatar.com\/avatar\/b935062a29d941f88a260664b783d6a8?s=96&d=mm&r=g\",\"contentUrl\":\"https:\/\/secure.gravatar.com\/avatar\/b935062a29d941f88a260664b783d6a8?s=96&d=mm&r=g\",\"caption\":\"Carlos Redondo\"},\"url\":\"https:\/\/www.cronoshare.com\/blog\/author\/carlos-redondo\/\"}]}<\/script>\n<!-- \/ Yoast SEO Premium plugin. -->","yoast_head_json":{"title":"C\u00f3mo afrontar un despido laboral - Blog de Cronoshare","robots":{"index":"index","follow":"follow","max-snippet":"max-snippet:-1","max-image-preview":"max-image-preview:large","max-video-preview":"max-video-preview:-1"},"canonical":"https:\/\/www.cronoshare.com\/blog\/como-afrontar-un-despido-laboral\/","og_locale":"es_ES","og_type":"article","og_title":"C\u00f3mo afrontar un despido laboral","og_description":"\u00a1Hola croners! Hoy queremos daros algunos consejos para hacer frente al despido en una empresa de la manera menos dolorosa y frustrante posible.\u00a0\u00a0La desvinculaci\u00f3n de una compa\u00f1\u00eda es un tema para el que pocos est\u00e1n preparados, a\u00fan m\u00e1s cuando es de manera inesperada. Por esta raz\u00f3n es indispensable saber qu\u00e9 hacer y c\u00f3mo actuar ante [&hellip;]","og_url":"https:\/\/www.cronoshare.com\/blog\/como-afrontar-un-despido-laboral\/","og_site_name":"Blog de Cronoshare","article_published_time":"2014-06-10T08:00:50+00:00","article_modified_time":"2016-11-29T11:47:11+00:00","og_image":[{"url":"https:\/\/www.cronoshare.com\/blog\/wp-content\/uploads\/2014\/04\/asumir_un_despido.jpg"}],"author":"Carlos Redondo","twitter_card":"summary","twitter_misc":{"Escrito por":"Carlos Redondo","Tiempo de lectura":"2 minutos"},"schema":{"@context":"https:\/\/schema.org","@graph":[{"@type":"WebSite","@id":"https:\/\/www.cronoshare.com\/blog\/#website","url":"https:\/\/www.cronoshare.com\/blog\/","name":"Blog de Cronoshare","description":"Encuentra los Mejores Profesionales de Servicios Locales","potentialAction":[{"@type":"SearchAction","target":{"@type":"EntryPoint","urlTemplate":"https:\/\/www.cronoshare.com\/blog\/?s={search_term_string}"},"query-input":"required name=search_term_string"}],"inLanguage":"es"},{"@type":"ImageObject","inLanguage":"es","@id":"https:\/\/www.cronoshare.com\/blog\/como-afrontar-un-despido-laboral\/#primaryimage","url":"https:\/\/www.cronoshare.com\/blog\/wp-content\/uploads\/2014\/04\/asumir_un_despido.jpg","contentUrl":"https:\/\/www.cronoshare.com\/blog\/wp-content\/uploads\/2014\/04\/asumir_un_despido.jpg","width":512,"height":332,"caption":"asumir_un_despido"},{"@type":"WebPage","@id":"https:\/\/www.cronoshare.com\/blog\/como-afrontar-un-despido-laboral\/#webpage","url":"https:\/\/www.cronoshare.com\/blog\/como-afrontar-un-despido-laboral\/","name":"C\u00f3mo afrontar un despido laboral - Blog de Cronoshare","isPartOf":{"@id":"https:\/\/www.cronoshare.com\/blog\/#website"},"primaryImageOfPage":{"@id":"https:\/\/www.cronoshare.com\/blog\/como-afrontar-un-despido-laboral\/#primaryimage"},"datePublished":"2014-06-10T08:00:50+00:00","dateModified":"2016-11-29T11:47:11+00:00","author":{"@id":"https:\/\/www.cronoshare.com\/blog\/#\/schema\/person\/3526a790eb5c8a3ca0ac43d67cfd8e7e"},"breadcrumb":{"@id":"https:\/\/www.cronoshare.com\/blog\/como-afrontar-un-despido-laboral\/#breadcrumb"},"inLanguage":"es","potentialAction":[{"@type":"ReadAction","target":["https:\/\/www.cronoshare.com\/blog\/como-afrontar-un-despido-laboral\/"]}]},{"@type":"BreadcrumbList","@id":"https:\/\/www.cronoshare.com\/blog\/como-afrontar-un-despido-laboral\/#breadcrumb","itemListElement":[{"@type":"ListItem","position":1,"name":"Portada","item":"https:\/\/www.cronoshare.com\/blog\/"},{"@type":"ListItem","position":2,"name":"C\u00f3mo afrontar un despido laboral"}]},{"@type":"Person","@id":"https:\/\/www.cronoshare.com\/blog\/#\/schema\/person\/3526a790eb5c8a3ca0ac43d67cfd8e7e","name":"Carlos Redondo","image":{"@type":"ImageObject","inLanguage":"es","@id":"https:\/\/www.cronoshare.com\/blog\/#\/schema\/person\/image\/","url":"https:\/\/secure.gravatar.com\/avatar\/b935062a29d941f88a260664b783d6a8?s=96&d=mm&r=g","contentUrl":"https:\/\/secure.gravatar.com\/avatar\/b935062a29d941f88a260664b783d6a8?s=96&d=mm&r=g","caption":"Carlos Redondo"},"url":"https:\/\/www.cronoshare.com\/blog\/author\/carlos-redondo\/"}]}},"_links":{"self":[{"href":"https:\/\/www.cronoshare.com\/blog\/wp-json\/wp\/v2\/posts\/549"}],"collection":[{"href":"https:\/\/www.cronoshare.com\/blog\/wp-json\/wp\/v2\/posts"}],"about":[{"href":"https:\/\/www.cronoshare.com\/blog\/wp-json\/wp\/v2\/types\/post"}],"author":[{"embeddable":true,"href":"https:\/\/www.cronoshare.com\/blog\/wp-json\/wp\/v2\/users\/3"}],"replies":[{"embeddable":true,"href":"https:\/\/www.cronoshare.com\/blog\/wp-json\/wp\/v2\/comments?post=549"}],"version-history":[{"count":3,"href":"https:\/\/www.cronoshare.com\/blog\/wp-json\/wp\/v2\/posts\/549\/revisions"}],"predecessor-version":[{"id":1140,"href":"https:\/\/www.cronoshare.com\/blog\/wp-json\/wp\/v2\/posts\/549\/revisions\/1140"}],"wp:attachment":[{"href":"https:\/\/www.cronoshare.com\/blog\/wp-json\/wp\/v2\/media?parent=549"}],"wp:term":[{"taxonomy":"category","embeddable":true,"href":"https:\/\/www.cronoshare.com\/blog\/wp-json\/wp\/v2\/categories?post=549"},{"taxonomy":"post_tag","embeddable":true,"href":"https:\/\/www.cronoshare.com\/blog\/wp-json\/wp\/v2\/tags?post=549"}],"curies":[{"name":"wp","href":"https:\/\/api.w.org\/{rel}","templated":true}]}}