{"id":6466,"date":"2018-02-08T13:14:14","date_gmt":"2018-02-08T12:14:14","guid":{"rendered":"https:\/\/www.cronoshare.com\/blog\/?p=6466"},"modified":"2018-02-08T13:14:14","modified_gmt":"2018-02-08T12:14:14","slug":"profesionales-destacados-jose-manuel-skala","status":"publish","type":"post","link":"https:\/\/www.cronoshare.com\/blog\/profesionales-destacados-jose-manuel-skala\/","title":{"rendered":"Profesionales Destacados de Cronoshare: Entrevista a Jos\u00e9 Manuel (Skala Dise\u00f1o Y Decoraci\u00f3n)"},"content":{"rendered":"<p><a title=\"https:\/\/www.cronoshare.com\/croner-979549-jose-manuel-de-skala-diseno-y-decoracion\" href=\"https:\/\/www.cronoshare.com\/croner-979549-jose-manuel-de-skala-diseno-y-decoracion\" rel=\"noopener\" target=\"_blank\">Jos\u00e9 Manuel<\/a> es carpintero, ebanista, y dise\u00f1ador de mobiliario y carpinter\u00eda. Lleva desde hace 30 a\u00f1os en el oficio, y, tras un concurso de acreedores en la empresa donde trabajaba decidi\u00f3 crear Skala Dise\u00f1o y Decoraci\u00f3n. Con esta empresa podr\u00eda seguir ofreciendo su experiencia a quellos clientes que los solicitaran, adem\u00e1s de poder vivir de la profesi\u00f3n de la que hab\u00eda aprendido a lo largo de los a\u00f1os.<\/p>\n<p><img loading=\"lazy\" src=\"https:\/\/www.cronoshare.com\/blog\/wp-content\/uploads\/2018\/02\/Profesionales-Destacados-Jos\u00e9-Manuel-Skala.jpg\" title=\"Profesionales Destacados, Jos\u00e9 Manuel Skala\" alt=\"Profesionales Destacados Jos\u00e9 Manuel Skala\" width=\"750\" height=\"400\" class=\"aligncenter size-full wp-image-6467\" \/><\/p>\n<p>Javier protagoniza esta vez la secci\u00f3n de <strong>entrevistas a los profesionales destacados de Cronoshare<\/strong>. Aqu\u00ed daremos mensualmente voz a los mejores profesionales que han confiado en <a title=\"Encuentra clientes cercanos a ti para tu negocio\" href=\"https:\/\/www.cronoshare.com\/registrar-empresa?ctm_source=blog&#038;ctm_medium=blog&#038;ctm_campaign=profesionales-destacados-jose-manuel-skala\" target=\"_blank\">Cronoshare<\/a>.  As\u00ed, nos contar\u00e1n sus experiencias y an\u00e9cdotas y ofrecer\u00e1n sus mejores consejos a toda la comunidad de profesionales.<\/p>\n<div class=\"message_box announce txt-center\">\n<strong>\u00bfQuieres empezar a conseguir clientes para tu negocio?<\/strong><br \/>\n<br \/><a class=\"btn btn-naranja btn-lg\" href=\"https:\/\/www.cronoshare.com\/registrar-empresa?ctm_source=blog&#038;ctm_medium=blog&#038;ctm_campaign=profesionales-destacados-jose-manuel-skala\">REGISTRATE GRATIS<\/a><\/div>\n<div class=\"border-gray\" style=\"display:table; width:100%;\">\n<div style=\"width:80%; display:table-cell; vertical-align: top;\">\n<p><strong>Nombre: <\/strong>Jos\u00e9 Manuel (Skala Dise\u00f1o y Decoraci\u00f3n) <\/p>\n<p><strong>Sector profesional:<\/strong> Carpinter\u00eda, reparaciones y obras, reformas y construcci\u00f3n, transportes y mudanzas<\/p>\n<p><strong>Zona de trabajo:<\/strong> Toledo<\/p>\n<p><strong>Valoraci\u00f3n media de clientes:<\/strong> 10<\/p>\n<\/div>\n<div style=\"width:20%; display:table-cell;\">\n<p><script id=cronoscript src=https:\/\/www.cronoshare.com\/assets\/cronoSealWidget-ba977fd463539c4e3a5e7cec83eb3f99.js type=text\/javascript domain=https:\/\/www.cronoshare.com csspath=\/assets\/cronoSealWidget-52f5233eb11e6c3ed182e1da0bd37823.css><\/script><a href=https:\/\/www.cronoshare.com\/croner-979549-jose-manuel-de-skala-diseno-y-decoracion target=_blank title=\"Mira el perfil de Jose Manuel De Skala Dise\u00f1o Y Decoraci\u00f3n, Transportista en Cronoshare\" class=cronoWidget style=\"display: block; width: 186px; height: 186px\"><img class=cronoWidget src=https:\/\/www.cronoshare.com\/assets\/badges\/round-b-es-2017-3ce343c2522909854142f0b85812e49b.svg style=\"width: 186px; height: 186px\"><\/a><\/p>\n<\/div>\n<\/div>\n<p><\/p>\n<h1>Profesionales Destacados de Cronoshare: Jos\u00e9 Manuel (Skala Dise\u00f1o Y Decoraci\u00f3n)<\/h1>\n<p><strong>\u00bfPor qu\u00e9 est\u00e1s en Cronoshare?<\/strong><\/p>\n<p>Utilizo Cronoshare como posible alternativa de recepci\u00f3n de clientes.<\/p>\n<p><strong>\u00bfQu\u00e9 te gusta de tu trabajo?<\/strong><\/p>\n<p>Me gusta la satisfacci\u00f3n demostrada por la persona que solicita mis servicios, despu\u00e9s de haber hecho un trabajo con gusto.<\/p>\n<p><strong>\u00bfC\u00f3mo utilizas Cronoshare? \u00bfQu\u00e9 clientes o trabajos te interesan m\u00e1s?<\/strong><\/p>\n<p>Utilizo Cronoshare por medio del correo electr\u00f3nico. Los trabajos que m\u00e1s me interesan son los relacionados con mi profesi\u00f3n principal.<\/p>\n<p><strong>\u00bfCu\u00e1ntos clientes o trabajos has conseguido con nosotros? Pon algunos ejemplos.<\/strong><br \/>\nDe momento he conseguido unos pocos clientes, que han escrito rese\u00f1as indicando su agrado por el servicio. <\/p>\n<p>Por ejemplo, un trabajo consist\u00eda en reparar una puerta de calle maciza que estaba desvencijada y desajustada, pudiendo realizar el trabajo sin tener que dejar la vivienda sin puerta en ning\u00fan momento.<\/p>\n<div class=\"message_box note txt-center\">\n<img loading=\"lazy\" src=\"https:\/\/www.cronoshare.com\/blog\/wp-content\/uploads\/2017\/10\/stars.png\" alt=\"stars\" width=\"250\" height=\"44\" class=\"aligncenter size-full wp-image-4701\" \/><\/p>\n<p><strong>Opini\u00f3n de cliente destacada<\/strong><br \/>\n<left>Le he calificado con la m\u00e1xima puntuaci\u00f3n porque hoy d\u00eda hay muy pocos profesionales como el que me mandaron.<\/left><br \/>\n<center><strong>Nota: 10<\/strong><br \/>\nTiburcio, 25-10-2017<\/center>\n<\/div>\n<p><strong>\u00bfQu\u00e9 pasos o m\u00e9todo sigues para contactar y\/o conseguir un cliente o trabajo?<\/strong><\/p>\n<p>Los indicados por Cronoshare en un principio, y luego seg\u00fan cada posible cliente.<\/p>\n<p><strong>H\u00e1blanos sobre alguna experiencia o an\u00e9cdota con alg\u00fan cliente de Cronoshare.<\/strong><\/p>\n<p>Como ya he indicado, mi experiencia de momento es corta, entonces las an\u00e9cdotas han de serlo tambi\u00e9n.<\/p>\n<p><strong>\u00bfCu\u00e1l ser\u00eda tu consejo para un profesional que quiera empezar a trabajar en Cronoshare?<\/strong><\/p>\n<p>Mi consejo es que no pierda la oportunidad, ni la paciencia. <\/p>\n<div class=\"message_box announce txt-center\">\n<strong>\u00bfQuieres empezar a conseguir clientes para tu negocio?<\/strong><br \/>\n<br \/><a class=\"btn btn-naranja btn-lg\" href=\"https:\/\/www.cronoshare.com\/registrar-empresa?ctm_source=blog&#038;ctm_medium=blog&#038;ctm_campaign=profesionales-destacados-jose-manuel-skala\">REGISTRATE GRATIS<\/a><\/div>\n<div class=\"message_box box-interview\">\n<img loading=\"lazy\" src=\"https:\/\/www.cronoshare.com\/blog\/wp-content\/uploads\/2018\/09\/ico_interview.png\" alt=\"ico_interview\" width=\"40\" height=\"40\" class=\"alignleft size-full wp-image-10016\" \/><\/p>\n<p style=\"font-size:14px;\">Si eres un profesional de Cronoshare y quieres aparecer en nuestra secci\u00f3n de Profesionales Destacados, puedes obtener m\u00e1s informaci\u00f3n sobre c\u00f3mo conseguirlo a trav\u00e9s de <a href=\"https:\/\/soporte.cronoshare.com\/hc\/es\/articles\/360015325872\">este enlace<\/a>.<\/p>\n<\/div>\n","protected":false},"excerpt":{"rendered":"<p>Jos\u00e9 Manuel es carpintero, ebanista, y dise\u00f1ador de mobiliario y carpinter\u00eda. Lleva desde hace 30 a\u00f1os en el oficio, y, tras un concurso de acreedores en la empresa donde trabajaba decidi\u00f3 crear Skala Dise\u00f1o y Decoraci\u00f3n. Con esta empresa podr\u00eda seguir ofreciendo su experiencia a quellos clientes que los solicitaran, adem\u00e1s de poder vivir de [&hellip;]<\/p>\n","protected":false},"author":4,"featured_media":6467,"comment_status":"open","ping_status":"closed","sticky":false,"template":"","format":"standard","meta":[],"categories":[3211],"tags":[3210],"yoast_head":"<!-- This site is optimized with the Yoast SEO Premium plugin v18.8 (Yoast SEO v19.2) - https:\/\/yoast.com\/wordpress\/plugins\/seo\/ -->\n<title>Profesionales Destacados de Cronoshare: Entrevista a Jos\u00e9 Manuel (Skala Dise\u00f1o Y Decoraci\u00f3n) - Blog de Cronoshare<\/title>\n<meta name=\"description\" content=\"Jos\u00e9 Manuel protagoniza una nueva entrega de la secci\u00f3n de entrevistas a los Profesionales Destacados de Cronoshare. \u00a1Entra para conocer su historia!\" \/>\n<meta name=\"robots\" content=\"index, follow, max-snippet:-1, max-image-preview:large, max-video-preview:-1\" \/>\n<link rel=\"canonical\" href=\"https:\/\/www.cronoshare.com\/blog\/profesionales-destacados-jose-manuel-skala\/\" \/>\n<meta property=\"og:locale\" content=\"es_ES\" \/>\n<meta property=\"og:type\" content=\"article\" \/>\n<meta property=\"og:title\" content=\"Profesionales Destacados de Cronoshare: Entrevista a Jos\u00e9 Manuel (Skala Dise\u00f1o Y Decoraci\u00f3n)\" \/>\n<meta property=\"og:description\" content=\"Jos\u00e9 Manuel protagoniza una nueva entrega de la secci\u00f3n de entrevistas a los Profesionales Destacados de Cronoshare. \u00a1Entra para conocer su historia!\" \/>\n<meta property=\"og:url\" content=\"https:\/\/www.cronoshare.com\/blog\/profesionales-destacados-jose-manuel-skala\/\" \/>\n<meta property=\"og:site_name\" content=\"Blog de Cronoshare\" \/>\n<meta property=\"article:published_time\" content=\"2018-02-08T12:14:14+00:00\" \/>\n<meta property=\"og:image\" content=\"https:\/\/www.cronoshare.com\/blog\/wp-content\/uploads\/2018\/02\/Profesionales-Destacados-Jos\u00e9-Manuel-Skala.jpg\" \/>\n\t<meta property=\"og:image:width\" content=\"750\" \/>\n\t<meta property=\"og:image:height\" content=\"400\" \/>\n\t<meta property=\"og:image:type\" content=\"image\/jpeg\" \/>\n<meta name=\"author\" content=\"Irene\" \/>\n<meta name=\"twitter:card\" content=\"summary\" \/>\n<meta name=\"twitter:label1\" content=\"Escrito por\" \/>\n\t<meta name=\"twitter:data1\" content=\"Irene\" \/>\n\t<meta name=\"twitter:label2\" content=\"Tiempo de lectura\" \/>\n\t<meta name=\"twitter:data2\" content=\"2 minutos\" \/>\n<script type=\"application\/ld+json\" class=\"yoast-schema-graph\">{\"@context\":\"https:\/\/schema.org\",\"@graph\":[{\"@type\":\"WebSite\",\"@id\":\"https:\/\/www.cronoshare.com\/blog\/#website\",\"url\":\"https:\/\/www.cronoshare.com\/blog\/\",\"name\":\"Blog de Cronoshare\",\"description\":\"Encuentra los Mejores Profesionales de Servicios Locales\",\"potentialAction\":[{\"@type\":\"SearchAction\",\"target\":{\"@type\":\"EntryPoint\",\"urlTemplate\":\"https:\/\/www.cronoshare.com\/blog\/?s={search_term_string}\"},\"query-input\":\"required name=search_term_string\"}],\"inLanguage\":\"es\"},{\"@type\":\"ImageObject\",\"inLanguage\":\"es\",\"@id\":\"https:\/\/www.cronoshare.com\/blog\/profesionales-destacados-jose-manuel-skala\/#primaryimage\",\"url\":\"https:\/\/www.cronoshare.com\/blog\/wp-content\/uploads\/2018\/02\/Profesionales-Destacados-Jos\u00e9-Manuel-Skala.jpg\",\"contentUrl\":\"https:\/\/www.cronoshare.com\/blog\/wp-content\/uploads\/2018\/02\/Profesionales-Destacados-Jos\u00e9-Manuel-Skala.jpg\",\"width\":750,\"height\":400,\"caption\":\"Profesionales Destacados Jos\u00e9 Manuel Skala\"},{\"@type\":\"WebPage\",\"@id\":\"https:\/\/www.cronoshare.com\/blog\/profesionales-destacados-jose-manuel-skala\/#webpage\",\"url\":\"https:\/\/www.cronoshare.com\/blog\/profesionales-destacados-jose-manuel-skala\/\",\"name\":\"Profesionales Destacados de Cronoshare: Entrevista a Jos\u00e9 Manuel (Skala Dise\u00f1o Y Decoraci\u00f3n) - Blog de Cronoshare\",\"isPartOf\":{\"@id\":\"https:\/\/www.cronoshare.com\/blog\/#website\"},\"primaryImageOfPage\":{\"@id\":\"https:\/\/www.cronoshare.com\/blog\/profesionales-destacados-jose-manuel-skala\/#primaryimage\"},\"datePublished\":\"2018-02-08T12:14:14+00:00\",\"dateModified\":\"2018-02-08T12:14:14+00:00\",\"author\":{\"@id\":\"https:\/\/www.cronoshare.com\/blog\/#\/schema\/person\/de0bb2e2c4f96906fdd2dc08807cd7ae\"},\"description\":\"Jos\u00e9 Manuel protagoniza una nueva entrega de la secci\u00f3n de entrevistas a los Profesionales Destacados de Cronoshare. \u00a1Entra para conocer su historia!\",\"breadcrumb\":{\"@id\":\"https:\/\/www.cronoshare.com\/blog\/profesionales-destacados-jose-manuel-skala\/#breadcrumb\"},\"inLanguage\":\"es\",\"potentialAction\":[{\"@type\":\"ReadAction\",\"target\":[\"https:\/\/www.cronoshare.com\/blog\/profesionales-destacados-jose-manuel-skala\/\"]}]},{\"@type\":\"BreadcrumbList\",\"@id\":\"https:\/\/www.cronoshare.com\/blog\/profesionales-destacados-jose-manuel-skala\/#breadcrumb\",\"itemListElement\":[{\"@type\":\"ListItem\",\"position\":1,\"name\":\"Portada\",\"item\":\"https:\/\/www.cronoshare.com\/blog\/\"},{\"@type\":\"ListItem\",\"position\":2,\"name\":\"Profesionales Destacados de Cronoshare: Entrevista a Jos\u00e9 Manuel (Skala Dise\u00f1o Y Decoraci\u00f3n)\"}]},{\"@type\":\"Person\",\"@id\":\"https:\/\/www.cronoshare.com\/blog\/#\/schema\/person\/de0bb2e2c4f96906fdd2dc08807cd7ae\",\"name\":\"Irene\",\"image\":{\"@type\":\"ImageObject\",\"inLanguage\":\"es\",\"@id\":\"https:\/\/www.cronoshare.com\/blog\/#\/schema\/person\/image\/\",\"url\":\"https:\/\/secure.gravatar.com\/avatar\/dea932444e8d32d17748fe53801ab129?s=96&d=mm&r=g\",\"contentUrl\":\"https:\/\/secure.gravatar.com\/avatar\/dea932444e8d32d17748fe53801ab129?s=96&d=mm&r=g\",\"caption\":\"Irene\"},\"description\":\"Asistente de marketing y comunicaci\u00f3n en Cronoshare.\",\"url\":\"https:\/\/www.cronoshare.com\/blog\/author\/irene\/\"}]}<\/script>\n<!-- \/ Yoast SEO Premium plugin. -->","yoast_head_json":{"title":"Profesionales Destacados de Cronoshare: Entrevista a Jos\u00e9 Manuel (Skala Dise\u00f1o Y Decoraci\u00f3n) - Blog de Cronoshare","description":"Jos\u00e9 Manuel protagoniza una nueva entrega de la secci\u00f3n de entrevistas a los Profesionales Destacados de Cronoshare. \u00a1Entra para conocer su historia!","robots":{"index":"index","follow":"follow","max-snippet":"max-snippet:-1","max-image-preview":"max-image-preview:large","max-video-preview":"max-video-preview:-1"},"canonical":"https:\/\/www.cronoshare.com\/blog\/profesionales-destacados-jose-manuel-skala\/","og_locale":"es_ES","og_type":"article","og_title":"Profesionales Destacados de Cronoshare: Entrevista a Jos\u00e9 Manuel (Skala Dise\u00f1o Y Decoraci\u00f3n)","og_description":"Jos\u00e9 Manuel protagoniza una nueva entrega de la secci\u00f3n de entrevistas a los Profesionales Destacados de Cronoshare. \u00a1Entra para conocer su historia!","og_url":"https:\/\/www.cronoshare.com\/blog\/profesionales-destacados-jose-manuel-skala\/","og_site_name":"Blog de Cronoshare","article_published_time":"2018-02-08T12:14:14+00:00","og_image":[{"width":750,"height":400,"url":"https:\/\/www.cronoshare.com\/blog\/wp-content\/uploads\/2018\/02\/Profesionales-Destacados-Jos\u00e9-Manuel-Skala.jpg","type":"image\/jpeg"}],"author":"Irene","twitter_card":"summary","twitter_misc":{"Escrito por":"Irene","Tiempo de lectura":"2 minutos"},"schema":{"@context":"https:\/\/schema.org","@graph":[{"@type":"WebSite","@id":"https:\/\/www.cronoshare.com\/blog\/#website","url":"https:\/\/www.cronoshare.com\/blog\/","name":"Blog de Cronoshare","description":"Encuentra los Mejores Profesionales de Servicios Locales","potentialAction":[{"@type":"SearchAction","target":{"@type":"EntryPoint","urlTemplate":"https:\/\/www.cronoshare.com\/blog\/?s={search_term_string}"},"query-input":"required name=search_term_string"}],"inLanguage":"es"},{"@type":"ImageObject","inLanguage":"es","@id":"https:\/\/www.cronoshare.com\/blog\/profesionales-destacados-jose-manuel-skala\/#primaryimage","url":"https:\/\/www.cronoshare.com\/blog\/wp-content\/uploads\/2018\/02\/Profesionales-Destacados-Jos\u00e9-Manuel-Skala.jpg","contentUrl":"https:\/\/www.cronoshare.com\/blog\/wp-content\/uploads\/2018\/02\/Profesionales-Destacados-Jos\u00e9-Manuel-Skala.jpg","width":750,"height":400,"caption":"Profesionales Destacados Jos\u00e9 Manuel Skala"},{"@type":"WebPage","@id":"https:\/\/www.cronoshare.com\/blog\/profesionales-destacados-jose-manuel-skala\/#webpage","url":"https:\/\/www.cronoshare.com\/blog\/profesionales-destacados-jose-manuel-skala\/","name":"Profesionales Destacados de Cronoshare: Entrevista a Jos\u00e9 Manuel (Skala Dise\u00f1o Y Decoraci\u00f3n) - Blog de Cronoshare","isPartOf":{"@id":"https:\/\/www.cronoshare.com\/blog\/#website"},"primaryImageOfPage":{"@id":"https:\/\/www.cronoshare.com\/blog\/profesionales-destacados-jose-manuel-skala\/#primaryimage"},"datePublished":"2018-02-08T12:14:14+00:00","dateModified":"2018-02-08T12:14:14+00:00","author":{"@id":"https:\/\/www.cronoshare.com\/blog\/#\/schema\/person\/de0bb2e2c4f96906fdd2dc08807cd7ae"},"description":"Jos\u00e9 Manuel protagoniza una nueva entrega de la secci\u00f3n de entrevistas a los Profesionales Destacados de Cronoshare. \u00a1Entra para conocer su historia!","breadcrumb":{"@id":"https:\/\/www.cronoshare.com\/blog\/profesionales-destacados-jose-manuel-skala\/#breadcrumb"},"inLanguage":"es","potentialAction":[{"@type":"ReadAction","target":["https:\/\/www.cronoshare.com\/blog\/profesionales-destacados-jose-manuel-skala\/"]}]},{"@type":"BreadcrumbList","@id":"https:\/\/www.cronoshare.com\/blog\/profesionales-destacados-jose-manuel-skala\/#breadcrumb","itemListElement":[{"@type":"ListItem","position":1,"name":"Portada","item":"https:\/\/www.cronoshare.com\/blog\/"},{"@type":"ListItem","position":2,"name":"Profesionales Destacados de Cronoshare: Entrevista a Jos\u00e9 Manuel (Skala Dise\u00f1o Y Decoraci\u00f3n)"}]},{"@type":"Person","@id":"https:\/\/www.cronoshare.com\/blog\/#\/schema\/person\/de0bb2e2c4f96906fdd2dc08807cd7ae","name":"Irene","image":{"@type":"ImageObject","inLanguage":"es","@id":"https:\/\/www.cronoshare.com\/blog\/#\/schema\/person\/image\/","url":"https:\/\/secure.gravatar.com\/avatar\/dea932444e8d32d17748fe53801ab129?s=96&d=mm&r=g","contentUrl":"https:\/\/secure.gravatar.com\/avatar\/dea932444e8d32d17748fe53801ab129?s=96&d=mm&r=g","caption":"Irene"},"description":"Asistente de marketing y comunicaci\u00f3n en Cronoshare.","url":"https:\/\/www.cronoshare.com\/blog\/author\/irene\/"}]}},"_links":{"self":[{"href":"https:\/\/www.cronoshare.com\/blog\/wp-json\/wp\/v2\/posts\/6466"}],"collection":[{"href":"https:\/\/www.cronoshare.com\/blog\/wp-json\/wp\/v2\/posts"}],"about":[{"href":"https:\/\/www.cronoshare.com\/blog\/wp-json\/wp\/v2\/types\/post"}],"author":[{"embeddable":true,"href":"https:\/\/www.cronoshare.com\/blog\/wp-json\/wp\/v2\/users\/4"}],"replies":[{"embeddable":true,"href":"https:\/\/www.cronoshare.com\/blog\/wp-json\/wp\/v2\/comments?post=6466"}],"version-history":[{"count":1,"href":"https:\/\/www.cronoshare.com\/blog\/wp-json\/wp\/v2\/posts\/6466\/revisions"}],"predecessor-version":[{"id":6468,"href":"https:\/\/www.cronoshare.com\/blog\/wp-json\/wp\/v2\/posts\/6466\/revisions\/6468"}],"wp:featuredmedia":[{"embeddable":true,"href":"https:\/\/www.cronoshare.com\/blog\/wp-json\/wp\/v2\/media\/6467"}],"wp:attachment":[{"href":"https:\/\/www.cronoshare.com\/blog\/wp-json\/wp\/v2\/media?parent=6466"}],"wp:term":[{"taxonomy":"category","embeddable":true,"href":"https:\/\/www.cronoshare.com\/blog\/wp-json\/wp\/v2\/categories?post=6466"},{"taxonomy":"post_tag","embeddable":true,"href":"https:\/\/www.cronoshare.com\/blog\/wp-json\/wp\/v2\/tags?post=6466"}],"curies":[{"name":"wp","href":"https:\/\/api.w.org\/{rel}","templated":true}]}}