{"id":6699,"date":"2018-02-22T13:00:15","date_gmt":"2018-02-22T12:00:15","guid":{"rendered":"https:\/\/www.cronoshare.com\/blog\/?p=6699"},"modified":"2018-02-22T13:00:15","modified_gmt":"2018-02-22T12:00:15","slug":"profesionales-destacados-daniel-varela","status":"publish","type":"post","link":"https:\/\/www.cronoshare.com\/blog\/profesionales-destacados-daniel-varela\/","title":{"rendered":"Profesionales Destacados de Cronoshare: Entrevista a Daniel Varela"},"content":{"rendered":"<p><a title=\"Perfil de Daniel\" href=\"https:\/\/www.cronoshare.com\/croner-1073051-daniel-v\" rel=\"noopener\" target=\"_blank\">Daniel Varela<\/a> es entrenador personal y preparador f\u00edsico desde hace aproximadamente tres a\u00f1os. Est\u00e1 graduado en Ciencias de la Actividad F\u00edsica y el Deporte y especializado en biomec\u00e1nica y fisiolog\u00eda. Su especialidad es el entrenamiento de fuerza y el hiit para cualquier objetivo del cliente.<\/p>\n<p>Tambi\u00e9n ha sido becario en la selecci\u00f3n espa\u00f1ola de lucha libre ol\u00edmpica, concretamente en el \u00e1rea de preparaci\u00f3n f\u00edsica. En el futuro, a Daniel le gustar\u00eda realizar un doctorado en Ciencias de la Actividad F\u00edsica y el Deporte. <\/p>\n<p>Daniel considera que, adem\u00e1s de basar el entrenamiento en conocimientos cient\u00edficos y no en mitos cl\u00e1sicos de gimnasio, es fundamental la seriedad y la sinceridad con el cliente. Es vital que se puedan establecer objetivos y programaciones realistas acordes a las caracter\u00edsticas individuales de cada persona. <\/p>\n<p>Se centra en dar un servicio muy individualizado y no suele trabajar con mas de 7-8 clientes presenciales a la vez, para poder dedicarle suficiente tiempo a cada uno.<\/p>\n<p><img loading=\"lazy\" src=\"https:\/\/www.cronoshare.com\/blog\/wp-content\/uploads\/2018\/02\/Profesionales-Destacados-Daniel-Varela.jpg\" title=\"Profesionales Destacados, Daniel Varela\" alt=\"Profesionales Destacados Daniel Varela\" width=\"750\" height=\"400\" class=\"aligncenter size-full wp-image-6702\" \/><\/p>\n<p>Daniel Varela protagoniza esta vez la secci\u00f3n de <strong><a href=\"https:\/\/www.cronoshare.com\/blog\/tag\/entrevistas\/\" rel=\"noopener\" target=\"_blank\">entrevistas a los profesionales destacados de Cronoshare<\/a><\/strong>. Aqu\u00ed daremos mensualmente voz a los mejores profesionales que han confiado en <a title=\"Encuentra clientes cercanos a ti para tu negocio\" href=\"https:\/\/www.cronoshare.com\/registrar-empresa?ctm_source=blog&#038;ctm_medium=blog&#038;ctm_campaign=profesionales-destacados-daniel-varela\" target=\"_blank\">Cronoshare<\/a>.  As\u00ed, nos contar\u00e1n sus experiencias y an\u00e9cdotas y ofrecer\u00e1n sus mejores consejos a toda la comunidad de profesionales.<\/p>\n<div class=\"message_box announce txt-center\">\n<strong>\u00bfQuieres empezar a conseguir clientes para tu negocio?<\/strong><br \/>\n<br \/><a class=\"btn btn-naranja btn-lg\" href=\"https:\/\/www.cronoshare.com\/registrar-empresa?ctm_source=blog&#038;ctm_medium=blog&#038;ctm_campaign=profesionales-destacados-daniel-varela\">REGISTRATE GRATIS<\/a><\/div>\n<div class=\"border-gray\" style=\"display:table; width:100%;\">\n<div style=\"width:80%; display:table-cell; vertical-align: top;\">\n<p><strong>Nombre: <\/strong>Daniel Varela<\/p>\n<p><strong>Sector profesional:<\/strong> Entrenamiento personal<\/p>\n<p><strong>Zona de trabajo:<\/strong> Madrid<\/p>\n<p><strong>Valoraci\u00f3n media de clientes:<\/strong> 9,8<\/p>\n<\/div>\n<div style=\"width:20%; display:table-cell;\">\n<p><script id=cronoscript src=https:\/\/www.cronoshare.com\/assets\/cronoSealWidget-ba977fd463539c4e3a5e7cec83eb3f99.js type=text\/javascript domain=https:\/\/www.cronoshare.com csspath=\/assets\/cronoSealWidget-52f5233eb11e6c3ed182e1da0bd37823.css><\/script><a href=https:\/\/www.cronoshare.com\/croner-1073051-daniel-v target=_blank title=\"Mira el perfil de Daniel, Entrenador personal online en Cronoshare\" class=cronoWidget style=\"display: block; width: 186px; height: 186px\"><img class=cronoWidget src=https:\/\/www.cronoshare.com\/assets\/badges\/round-b-es-2017-3ce343c2522909854142f0b85812e49b.svg style=\"width: 186px; height: 186px\"><\/a><\/p>\n<\/div>\n<\/div>\n<p><\/p>\n<h1>Profesionales Destacados de Cronoshare: Daniel Varela<\/h1>\n<p><strong>\u00bfPor qu\u00e9 est\u00e1s en Cronoshare?<\/strong><\/p>\n<p>Porque es una gran p\u00e1gina para poder crecer como profesional de forma eficiente, ahorrando tiempo a la hora de conseguir nuevos clientes y permitiendo al profesional centrarse en mejorar su servicio en lugar de tener que invertirlo casi todo en marketing.<\/p>\n<p><strong>\u00bfQu\u00e9 te gusta de tu trabajo?<\/strong><\/p>\n<p>De mi trabajo me gusta todo, es mi pasi\u00f3n y considero que he nacido para esto. Pero si tengo que elegir, lo que mas me llena de este trabajo es poder ayudar con mis conocimientos a las personas a alcanzar sus objetivos y mejorar sus h\u00e1bitos y calidad de vida.<\/p>\n<p><strong>\u00bfC\u00f3mo utilizas Cronoshare? \u00bfQu\u00e9 clientes o trabajos te interesan m\u00e1s?<\/strong><\/p>\n<p>Por lo general busco trabajos presenciales cercanos a mi zona de trabajo habitual. Los clientes que suelo buscar son personas que tengan claros sus objetivos, que busquen un servicio de m\u00e1xima calidad y que tengan claro que lo primero siempre debe ser su salud.<strong><\/p>\n<p>\u00bfCu\u00e1ntos clientes o trabajos has conseguido con nosotros? Pon algunos ejemplos.<\/strong><\/p>\n<p>De forma directa desde que empece hace un par de meses a utilizar cronoshare he conseguido unos cuatro clientes. Y gracias a estos clientes he recibido m\u00e1s ofertas gracias a sus recomendaciones. <\/p>\n<div class=\"message_box note txt-center\">\n<img loading=\"lazy\" src=\"https:\/\/www.cronoshare.com\/blog\/wp-content\/uploads\/2017\/10\/stars.png\" alt=\"stars\" width=\"250\" height=\"44\" class=\"aligncenter size-full wp-image-4701\" \/><\/p>\n<p><strong>Opini\u00f3n de cliente destacada<\/strong><br \/>\n<left> Buscaba a una persona con un perfil muy espec\u00edfico. Creo que Daniel es joven pero sobradamente preparado para asumir cualquier reto que se le proponga y resolverlo de manera muy profesional. Ten\u00eda un reto complicado y ha ido creciendo con \u00e9l. Me decant\u00e9 por \u00e9l por darme plenas garant\u00edas profesionales y ofrecer un servicio 100% profesional. En cuanto al feedback de su trabajo es espectacular y se obtienen resultados. Muy, muy recomendable <\/left><br \/>\n<center><strong>Nota: 10<\/strong><br \/>\nCarlos, 20-12-2017<\/center>\n<\/div>\n<p><strong>\u00bfQu\u00e9 pasos o m\u00e9todo sigues para contactar y\/o conseguir un cliente o trabajo?<\/strong><\/p>\n<p>Una vez que he adquirido el contacto siempre respeto las preferencia de contacto del cliente. Si no recibo respuesta de forma inicial, suelo intentarlo de nuevo pasadas unas horas y al d\u00eda siguiente. <\/p>\n<p>Cuando un cliente no responde tras dos o tres intentos de contacto no le doy m\u00e1s vueltas, no me gusta agobiar a nadie y menos sin conocer su situaci\u00f3n personal.<\/p>\n<p><strong>H\u00e1blanos sobre alguna experiencia o an\u00e9cdota con alg\u00fan cliente de Cronoshare.<\/strong><\/p>\n<p>La mejor experiencia que he tenido ha sido hace poco. Estoy trabajando con un ni\u00f1o en la readaptaci\u00f3n de su ligamento cruzado anterior, y tras un mes de trabajo hemos conseguido el alta m\u00e9dica definitiva y ha podido volver a subirse a unos esqu\u00eds.<\/p>\n<p><strong>\u00bfCu\u00e1l ser\u00eda tu consejo para un profesional que quiera empezar a trabajar en Cronoshare?<\/strong><\/p>\n<p>Mi consejo ser\u00eda que no tenga prisa y que seleccione bien los trabajos, no merece la pena gastar cronos a lo tonto sin valorar si realmente vamos a poder realizar adecuadamente el trabajo que demanda el cliente o si vamos a poder ajustarnos a los horarios de preferencia de cada persona. <\/p>\n<p>Antes de contactar merece la pena valorar nuestras posibilidades de \u00e9xito en cada trabajo. Por otro lado, creo que es fundamental poner por delante el objetivo de que cada cliente alcance sus objetivos por encima de intentar obtener el mayor volumen de clientes dando un servicio mediocre. Calidad antes que cantidad.<\/p>\n<div class=\"message_box announce txt-center\">\n<strong>\u00bfQuieres empezar a conseguir clientes para tu negocio?<\/strong><br \/>\n<br \/><a class=\"btn btn-naranja btn-lg\" href=\"https:\/\/www.cronoshare.com\/registrar-empresa?ctm_source=blog&#038;ctm_medium=blog&#038;ctm_campaign=profesionales-destacados-daniel-varela\">REGISTRATE GRATIS<\/a><\/div>\n<div class=\"message_box box-interview\">\n<img loading=\"lazy\" src=\"https:\/\/www.cronoshare.com\/blog\/wp-content\/uploads\/2018\/09\/ico_interview.png\" alt=\"ico_interview\" width=\"40\" height=\"40\" class=\"alignleft size-full wp-image-10016\" \/><\/p>\n<p style=\"font-size:14px;\">Si eres un profesional de Cronoshare y quieres aparecer en nuestra secci\u00f3n de Profesionales Destacados, puedes obtener m\u00e1s informaci\u00f3n sobre c\u00f3mo conseguirlo a trav\u00e9s de <a href=\"https:\/\/soporte.cronoshare.com\/hc\/es\/articles\/360015325872\">este enlace<\/a>.<\/p>\n<\/div>\n","protected":false},"excerpt":{"rendered":"<p>Daniel Varela es entrenador personal y preparador f\u00edsico desde hace aproximadamente tres a\u00f1os. Est\u00e1 graduado en Ciencias de la Actividad F\u00edsica y el Deporte y especializado en biomec\u00e1nica y fisiolog\u00eda. Su especialidad es el entrenamiento de fuerza y el hiit para cualquier objetivo del cliente. Tambi\u00e9n ha sido becario en la selecci\u00f3n espa\u00f1ola de lucha [&hellip;]<\/p>\n","protected":false},"author":4,"featured_media":6702,"comment_status":"open","ping_status":"closed","sticky":false,"template":"","format":"standard","meta":[],"categories":[3211],"tags":[3210],"yoast_head":"<!-- This site is optimized with the Yoast SEO Premium plugin v18.8 (Yoast SEO v19.2) - https:\/\/yoast.com\/wordpress\/plugins\/seo\/ -->\n<title>Profesionales Destacados de Cronoshare: Entrevista a Daniel Varela<\/title>\n<meta name=\"description\" content=\"Daniel Varela protagoniza una nueva entrega de la secci\u00f3n de entrevistas a los Profesionales Destacados de Cronoshare. \u00a1Entra para conocer su historia!\" \/>\n<meta name=\"robots\" content=\"index, follow, max-snippet:-1, max-image-preview:large, max-video-preview:-1\" \/>\n<link rel=\"canonical\" href=\"https:\/\/www.cronoshare.com\/blog\/profesionales-destacados-daniel-varela\/\" \/>\n<meta property=\"og:locale\" content=\"es_ES\" \/>\n<meta property=\"og:type\" content=\"article\" \/>\n<meta property=\"og:title\" content=\"Profesionales Destacados de Cronoshare: Entrevista a Daniel Varela\" \/>\n<meta property=\"og:description\" content=\"Daniel Varela protagoniza una nueva entrega de la secci\u00f3n de entrevistas a los Profesionales Destacados de Cronoshare. \u00a1Entra para conocer su historia!\" \/>\n<meta property=\"og:url\" content=\"https:\/\/www.cronoshare.com\/blog\/profesionales-destacados-daniel-varela\/\" \/>\n<meta property=\"og:site_name\" content=\"Blog de Cronoshare\" \/>\n<meta property=\"article:published_time\" content=\"2018-02-22T12:00:15+00:00\" \/>\n<meta property=\"og:image\" content=\"https:\/\/www.cronoshare.com\/blog\/wp-content\/uploads\/2018\/02\/Profesionales-Destacados-Daniel-Varela.jpg\" \/>\n\t<meta property=\"og:image:width\" content=\"750\" \/>\n\t<meta property=\"og:image:height\" content=\"400\" \/>\n\t<meta property=\"og:image:type\" content=\"image\/jpeg\" \/>\n<meta name=\"author\" content=\"Irene\" \/>\n<meta name=\"twitter:card\" content=\"summary\" \/>\n<meta name=\"twitter:label1\" content=\"Escrito por\" \/>\n\t<meta name=\"twitter:data1\" content=\"Irene\" \/>\n\t<meta name=\"twitter:label2\" content=\"Tiempo de lectura\" \/>\n\t<meta name=\"twitter:data2\" content=\"4 minutos\" \/>\n<script type=\"application\/ld+json\" class=\"yoast-schema-graph\">{\"@context\":\"https:\/\/schema.org\",\"@graph\":[{\"@type\":\"WebSite\",\"@id\":\"https:\/\/www.cronoshare.com\/blog\/#website\",\"url\":\"https:\/\/www.cronoshare.com\/blog\/\",\"name\":\"Blog de Cronoshare\",\"description\":\"Encuentra los Mejores Profesionales de Servicios Locales\",\"potentialAction\":[{\"@type\":\"SearchAction\",\"target\":{\"@type\":\"EntryPoint\",\"urlTemplate\":\"https:\/\/www.cronoshare.com\/blog\/?s={search_term_string}\"},\"query-input\":\"required name=search_term_string\"}],\"inLanguage\":\"es\"},{\"@type\":\"ImageObject\",\"inLanguage\":\"es\",\"@id\":\"https:\/\/www.cronoshare.com\/blog\/profesionales-destacados-daniel-varela\/#primaryimage\",\"url\":\"https:\/\/www.cronoshare.com\/blog\/wp-content\/uploads\/2018\/02\/Profesionales-Destacados-Daniel-Varela.jpg\",\"contentUrl\":\"https:\/\/www.cronoshare.com\/blog\/wp-content\/uploads\/2018\/02\/Profesionales-Destacados-Daniel-Varela.jpg\",\"width\":750,\"height\":400,\"caption\":\"Profesionales Destacados Daniel Varela\"},{\"@type\":\"WebPage\",\"@id\":\"https:\/\/www.cronoshare.com\/blog\/profesionales-destacados-daniel-varela\/#webpage\",\"url\":\"https:\/\/www.cronoshare.com\/blog\/profesionales-destacados-daniel-varela\/\",\"name\":\"Profesionales Destacados de Cronoshare: Entrevista a Daniel Varela\",\"isPartOf\":{\"@id\":\"https:\/\/www.cronoshare.com\/blog\/#website\"},\"primaryImageOfPage\":{\"@id\":\"https:\/\/www.cronoshare.com\/blog\/profesionales-destacados-daniel-varela\/#primaryimage\"},\"datePublished\":\"2018-02-22T12:00:15+00:00\",\"dateModified\":\"2018-02-22T12:00:15+00:00\",\"author\":{\"@id\":\"https:\/\/www.cronoshare.com\/blog\/#\/schema\/person\/de0bb2e2c4f96906fdd2dc08807cd7ae\"},\"description\":\"Daniel Varela protagoniza una nueva entrega de la secci\u00f3n de entrevistas a los Profesionales Destacados de Cronoshare. \u00a1Entra para conocer su historia!\",\"breadcrumb\":{\"@id\":\"https:\/\/www.cronoshare.com\/blog\/profesionales-destacados-daniel-varela\/#breadcrumb\"},\"inLanguage\":\"es\",\"potentialAction\":[{\"@type\":\"ReadAction\",\"target\":[\"https:\/\/www.cronoshare.com\/blog\/profesionales-destacados-daniel-varela\/\"]}]},{\"@type\":\"BreadcrumbList\",\"@id\":\"https:\/\/www.cronoshare.com\/blog\/profesionales-destacados-daniel-varela\/#breadcrumb\",\"itemListElement\":[{\"@type\":\"ListItem\",\"position\":1,\"name\":\"Portada\",\"item\":\"https:\/\/www.cronoshare.com\/blog\/\"},{\"@type\":\"ListItem\",\"position\":2,\"name\":\"Profesionales Destacados de Cronoshare: Entrevista a Daniel Varela\"}]},{\"@type\":\"Person\",\"@id\":\"https:\/\/www.cronoshare.com\/blog\/#\/schema\/person\/de0bb2e2c4f96906fdd2dc08807cd7ae\",\"name\":\"Irene\",\"image\":{\"@type\":\"ImageObject\",\"inLanguage\":\"es\",\"@id\":\"https:\/\/www.cronoshare.com\/blog\/#\/schema\/person\/image\/\",\"url\":\"https:\/\/secure.gravatar.com\/avatar\/dea932444e8d32d17748fe53801ab129?s=96&d=mm&r=g\",\"contentUrl\":\"https:\/\/secure.gravatar.com\/avatar\/dea932444e8d32d17748fe53801ab129?s=96&d=mm&r=g\",\"caption\":\"Irene\"},\"description\":\"Asistente de marketing y comunicaci\u00f3n en Cronoshare.\",\"url\":\"https:\/\/www.cronoshare.com\/blog\/author\/irene\/\"}]}<\/script>\n<!-- \/ Yoast SEO Premium plugin. -->","yoast_head_json":{"title":"Profesionales Destacados de Cronoshare: Entrevista a Daniel Varela","description":"Daniel Varela protagoniza una nueva entrega de la secci\u00f3n de entrevistas a los Profesionales Destacados de Cronoshare. \u00a1Entra para conocer su historia!","robots":{"index":"index","follow":"follow","max-snippet":"max-snippet:-1","max-image-preview":"max-image-preview:large","max-video-preview":"max-video-preview:-1"},"canonical":"https:\/\/www.cronoshare.com\/blog\/profesionales-destacados-daniel-varela\/","og_locale":"es_ES","og_type":"article","og_title":"Profesionales Destacados de Cronoshare: Entrevista a Daniel Varela","og_description":"Daniel Varela protagoniza una nueva entrega de la secci\u00f3n de entrevistas a los Profesionales Destacados de Cronoshare. \u00a1Entra para conocer su historia!","og_url":"https:\/\/www.cronoshare.com\/blog\/profesionales-destacados-daniel-varela\/","og_site_name":"Blog de Cronoshare","article_published_time":"2018-02-22T12:00:15+00:00","og_image":[{"width":750,"height":400,"url":"https:\/\/www.cronoshare.com\/blog\/wp-content\/uploads\/2018\/02\/Profesionales-Destacados-Daniel-Varela.jpg","type":"image\/jpeg"}],"author":"Irene","twitter_card":"summary","twitter_misc":{"Escrito por":"Irene","Tiempo de lectura":"4 minutos"},"schema":{"@context":"https:\/\/schema.org","@graph":[{"@type":"WebSite","@id":"https:\/\/www.cronoshare.com\/blog\/#website","url":"https:\/\/www.cronoshare.com\/blog\/","name":"Blog de Cronoshare","description":"Encuentra los Mejores Profesionales de Servicios Locales","potentialAction":[{"@type":"SearchAction","target":{"@type":"EntryPoint","urlTemplate":"https:\/\/www.cronoshare.com\/blog\/?s={search_term_string}"},"query-input":"required name=search_term_string"}],"inLanguage":"es"},{"@type":"ImageObject","inLanguage":"es","@id":"https:\/\/www.cronoshare.com\/blog\/profesionales-destacados-daniel-varela\/#primaryimage","url":"https:\/\/www.cronoshare.com\/blog\/wp-content\/uploads\/2018\/02\/Profesionales-Destacados-Daniel-Varela.jpg","contentUrl":"https:\/\/www.cronoshare.com\/blog\/wp-content\/uploads\/2018\/02\/Profesionales-Destacados-Daniel-Varela.jpg","width":750,"height":400,"caption":"Profesionales Destacados Daniel Varela"},{"@type":"WebPage","@id":"https:\/\/www.cronoshare.com\/blog\/profesionales-destacados-daniel-varela\/#webpage","url":"https:\/\/www.cronoshare.com\/blog\/profesionales-destacados-daniel-varela\/","name":"Profesionales Destacados de Cronoshare: Entrevista a Daniel Varela","isPartOf":{"@id":"https:\/\/www.cronoshare.com\/blog\/#website"},"primaryImageOfPage":{"@id":"https:\/\/www.cronoshare.com\/blog\/profesionales-destacados-daniel-varela\/#primaryimage"},"datePublished":"2018-02-22T12:00:15+00:00","dateModified":"2018-02-22T12:00:15+00:00","author":{"@id":"https:\/\/www.cronoshare.com\/blog\/#\/schema\/person\/de0bb2e2c4f96906fdd2dc08807cd7ae"},"description":"Daniel Varela protagoniza una nueva entrega de la secci\u00f3n de entrevistas a los Profesionales Destacados de Cronoshare. \u00a1Entra para conocer su historia!","breadcrumb":{"@id":"https:\/\/www.cronoshare.com\/blog\/profesionales-destacados-daniel-varela\/#breadcrumb"},"inLanguage":"es","potentialAction":[{"@type":"ReadAction","target":["https:\/\/www.cronoshare.com\/blog\/profesionales-destacados-daniel-varela\/"]}]},{"@type":"BreadcrumbList","@id":"https:\/\/www.cronoshare.com\/blog\/profesionales-destacados-daniel-varela\/#breadcrumb","itemListElement":[{"@type":"ListItem","position":1,"name":"Portada","item":"https:\/\/www.cronoshare.com\/blog\/"},{"@type":"ListItem","position":2,"name":"Profesionales Destacados de Cronoshare: Entrevista a Daniel Varela"}]},{"@type":"Person","@id":"https:\/\/www.cronoshare.com\/blog\/#\/schema\/person\/de0bb2e2c4f96906fdd2dc08807cd7ae","name":"Irene","image":{"@type":"ImageObject","inLanguage":"es","@id":"https:\/\/www.cronoshare.com\/blog\/#\/schema\/person\/image\/","url":"https:\/\/secure.gravatar.com\/avatar\/dea932444e8d32d17748fe53801ab129?s=96&d=mm&r=g","contentUrl":"https:\/\/secure.gravatar.com\/avatar\/dea932444e8d32d17748fe53801ab129?s=96&d=mm&r=g","caption":"Irene"},"description":"Asistente de marketing y comunicaci\u00f3n en Cronoshare.","url":"https:\/\/www.cronoshare.com\/blog\/author\/irene\/"}]}},"_links":{"self":[{"href":"https:\/\/www.cronoshare.com\/blog\/wp-json\/wp\/v2\/posts\/6699"}],"collection":[{"href":"https:\/\/www.cronoshare.com\/blog\/wp-json\/wp\/v2\/posts"}],"about":[{"href":"https:\/\/www.cronoshare.com\/blog\/wp-json\/wp\/v2\/types\/post"}],"author":[{"embeddable":true,"href":"https:\/\/www.cronoshare.com\/blog\/wp-json\/wp\/v2\/users\/4"}],"replies":[{"embeddable":true,"href":"https:\/\/www.cronoshare.com\/blog\/wp-json\/wp\/v2\/comments?post=6699"}],"version-history":[{"count":4,"href":"https:\/\/www.cronoshare.com\/blog\/wp-json\/wp\/v2\/posts\/6699\/revisions"}],"predecessor-version":[{"id":6704,"href":"https:\/\/www.cronoshare.com\/blog\/wp-json\/wp\/v2\/posts\/6699\/revisions\/6704"}],"wp:featuredmedia":[{"embeddable":true,"href":"https:\/\/www.cronoshare.com\/blog\/wp-json\/wp\/v2\/media\/6702"}],"wp:attachment":[{"href":"https:\/\/www.cronoshare.com\/blog\/wp-json\/wp\/v2\/media?parent=6699"}],"wp:term":[{"taxonomy":"category","embeddable":true,"href":"https:\/\/www.cronoshare.com\/blog\/wp-json\/wp\/v2\/categories?post=6699"},{"taxonomy":"post_tag","embeddable":true,"href":"https:\/\/www.cronoshare.com\/blog\/wp-json\/wp\/v2\/tags?post=6699"}],"curies":[{"name":"wp","href":"https:\/\/api.w.org\/{rel}","templated":true}]}}