{"id":6875,"date":"2018-03-06T12:35:25","date_gmt":"2018-03-06T11:35:25","guid":{"rendered":"https:\/\/www.cronoshare.com\/blog\/?p=6875"},"modified":"2018-03-06T12:39:38","modified_gmt":"2018-03-06T11:39:38","slug":"profesionales-destacados-carlos-faneyth","status":"publish","type":"post","link":"https:\/\/www.cronoshare.com\/blog\/profesionales-destacados-carlos-faneyth\/","title":{"rendered":"Profesionales Destacados de Cronoshare: Entrevista a Carlos Faneyth"},"content":{"rendered":"<p><a title=\"Perfil de Carlos\" href=\"https:\/\/www.cronoshare.com\/croner-1089618-carlos-f\" rel=\"noopener\" target=\"_blank\">Carlos Faneyth<\/a> es ingeniero industrial de profesi\u00f3n, especializado en el \u00e1rea de ciencia y tecnolog\u00eda de los alimentos. Tambi\u00e9n tiene inter\u00e9s en el \u00e1rea de asesor\u00eda, investigaci\u00f3n y docencia.<\/p>\n<p>Tiene m\u00e1s de 10 a\u00f1os de experiencia en diversos campos, los cuales le han permitido tener una visi\u00f3n integral y multivariable para la resoluci\u00f3n de problemas de diversas \u00edndoles en el campo industrial y de investigaci\u00f3n. En particular, en el uso de modelos matem\u00e1ticos y estad\u00edsticos para evaluar, por m\u00e9todos cuantitativos, posibles soluciones a diferentes problemas y contrastar potenciales soluciones, considerando aspectos cualitativos y cuantitativos. <\/p>\n<p>Esta visi\u00f3n la imprime en su labor docente para estimular el uso de m\u00e9todos num\u00e9ricos en la soluci\u00f3n de problemas en diferentes campos.<\/p>\n<p><img loading=\"lazy\" src=\"https:\/\/www.cronoshare.com\/blog\/wp-content\/uploads\/2018\/03\/Profesionales-Destacados-Carlos-Faneyth.png\" title=\"Profesionales Destacados Carlos Faneyth\" alt=\"Profesionales Destacados Carlos Faneyth\" width=\"750\" height=\"400\" class=\"aligncenter size-full wp-image-6877\" \/><\/p>\n<p>Carlos protagoniza esta vez la secci\u00f3n de <strong><a href=\"https:\/\/www.cronoshare.com\/blog\/tag\/entrevistas\/\" rel=\"noopener\" target=\"_blank\">entrevistas a los profesionales destacados de Cronoshare<\/a><\/strong>. Aqu\u00ed daremos mensualmente voz a los mejores profesionales que han confiado en <a title=\"Encuentra clientes cercanos a ti para tu negocio\" href=\"https:\/\/www.cronoshare.com\/registrar-empresa?ctm_source=blog&#038;ctm_medium=blog&#038;ctm_campaign=profesionales-destacados-carlos-faneyth\" target=\"_blank\">Cronoshare<\/a>.  As\u00ed, nos contar\u00e1n sus experiencias y an\u00e9cdotas y ofrecer\u00e1n sus mejores consejos a toda la comunidad de profesionales.<\/p>\n<div class=\"message_box announce txt-center\">\n<strong>\u00bfQuieres empezar a conseguir clientes para tu negocio?<\/strong><br \/>\n<br \/><a class=\"btn btn-naranja btn-lg\" href=\"https:\/\/www.cronoshare.com\/registrar-empresa?ctm_source=blog&#038;ctm_medium=blog&#038;ctm_campaign=profesionales-destacados-carlos-faneyth\">REGISTRATE GRATIS<\/a><\/div>\n<div class=\"border-gray\" style=\"display:table; width:100%;\">\n<div style=\"width:80%; display:table-cell; vertical-align: top;\">\n<p><strong>Nombre: <\/strong>Carlos Faneyth<\/p>\n<p><strong>Sector profesional:<\/strong> Clases particulares<\/p>\n<p><strong>Zona de trabajo:<\/strong> Madrid<\/p>\n<p><strong>Valoraci\u00f3n media de clientes:<\/strong> 10<\/p>\n<\/div>\n<div style=\"width:20%; display:table-cell;\">\n<p><script id=cronoscript src=https:\/\/www.cronoshare.com\/assets\/cronoSealWidget-ba977fd463539c4e3a5e7cec83eb3f99.js type=text\/javascript domain=https:\/\/www.cronoshare.com csspath=\/assets\/cronoSealWidget-52f5233eb11e6c3ed182e1da0bd37823.css><\/script><a href=https:\/\/www.cronoshare.com\/croner-1089618-carlos-f target=_blank title=\"Mira el perfil de Carlos, Recadero en Cronoshare\" class=cronoWidget style=\"display: block; width: 186px; height: 186px\"><img class=cronoWidget src=https:\/\/www.cronoshare.com\/assets\/badges\/round-b-es-2017-3ce343c2522909854142f0b85812e49b.svg style=\"width: 186px; height: 186px\"><\/a><\/p>\n<\/div>\n<\/div>\n<p><\/p>\n<h1>Profesionales Destacados de Cronoshare: Carlos Faneyth<\/h1>\n<p><strong>\u00bfPor qu\u00e9 est\u00e1s en Cronoshare?<\/strong><\/p>\n<p>Principalmente como una forma de obtener ingresos adicionales, aunado a que Cronoshare una plataforma digital que me permite acceder a clases particulares de mi \u00e1rea de competencia y conseguir potenciales clientes para asesor\u00edas.<\/p>\n<p><strong>\u00bfQu\u00e9 te gusta de tu trabajo?<\/strong><\/p>\n<p>De mi trabajo conseguido en Cronoshare lo que m\u00e1s me gusta es la libertad de horario y que me permite ejercer una labor que para m\u00ed es, m\u00e1s que un trabajo con prestaci\u00f3n monetaria, una vocaci\u00f3n: la docencia, el proceso de ense\u00f1anza-aprendizaje.<\/p>\n<p><strong>\u00bfC\u00f3mo utilizas Cronoshare? \u00bfQu\u00e9 clientes o trabajos te interesan m\u00e1s?<\/strong><\/p>\n<p>Reviso diariamente las ofertas que anuncia la plataforma digital y observo las ofertas por mis \u00e1reas de inter\u00e9s. Estas son principalmente las clases particulares en las \u00e1reas de matem\u00e1tica\/f\u00edsica, as\u00ed como las ofertas relacionadas con trabajos \u00abfreelance\u00bb o de asesor\u00edas.<\/p>\n<p><strong>\u00bfCu\u00e1ntos clientes o trabajos has conseguido con nosotros? Pon algunos ejemplos.<\/strong><\/p>\n<p>Hasta ahora he conseguido cinco clientes para clases de matem\u00e1ticas, que han permanecido continuamente interesados en continuar las lecciones. <\/p>\n<p>Como ejemplo, actualmente imparto clases de refuerzo de matem\u00e1ticas empresariales a dos chicas que estudian Administraci\u00f3n de Empresas en la UCM.<\/p>\n<div class=\"message_box note txt-center\">\n<img loading=\"lazy\" src=\"https:\/\/www.cronoshare.com\/blog\/wp-content\/uploads\/2017\/10\/stars.png\" alt=\"stars\" width=\"250\" height=\"44\" class=\"aligncenter size-full wp-image-4701\" \/><\/p>\n<p><strong>Opini\u00f3n de cliente destacada<\/strong><br \/>\n<left>  Muy bien todo <\/left><br \/>\n<center><strong>Nota: 10<\/strong><br \/>\nMaria, 12-12-2017<\/center>\n<\/div>\n<p><strong>\u00bfQu\u00e9 pasos o m\u00e9todo sigues para contactar y\/o conseguir un cliente o trabajo?<\/strong><\/p>\n<p>En primer lugar, la revisi\u00f3n de ofertas potenciales. En segundo lugar, evaluar la idoneidad de la oferta, considerando la distancia al punto de encuentro para las clases, el volumen de horas a impartir, el \u00e1rea de estudio que es requerida&#8230; <\/p>\n<p>A continuaci\u00f3n, pagar los cronos requeridos para acceder a los n\u00fameros de contacto de los potenciales clientes. Despu\u00e9s, el primer contacto con el cliente a trav\u00e9s de WhatsApp con un texto descriptivo de mi nombre, mi rama de experiencia y mi oferta de disponibilidad para el servicio de clases particulares.<\/p>\n<p>De ser afirmativa la respuesta del cliente, detallo la oferta monetaria de prestaci\u00f3n del servicio y la disponibilidad de horarios, abierto a la negociaci\u00f3n. Finalmente, posterior a los resultados de la negociaci\u00f3n, concretamos los t\u00e9rminos b\u00e1sicos del servicio: costo, horarios, alcance, y ubicaci\u00f3n geogr\u00e1fica.<\/p>\n<p><strong>H\u00e1blanos sobre alguna experiencia o an\u00e9cdota con alg\u00fan cliente de Cronoshare.<\/strong><\/p>\n<p>Normalmente los clientes de este sector son padres o representantes preocupados por las calificaciones de sus hijos, en particular para un \u00e1rea como es la matem\u00e1tica, que frecuentemente causa muchos dolores de cabeza a muchos estudiantes. <\/p>\n<p>Pero que con un servicio personalizado, adaptado a las caracter\u00edsticas del estudiante y considerando diferentes estrategias de ense\u00f1anza seg\u00fan las deficiencias o carencias detectadas, es muy beneficioso y brinda seguridad a los estudiantes para futuras evaluaciones.<\/p>\n<p><strong>\u00bfCu\u00e1l ser\u00eda tu consejo para un profesional que quiera empezar a trabajar en Cronoshare?<\/strong><br \/>\nEl consejo estar\u00eda enfocado en dos premisas: Una, la acci\u00f3n quita el miedo, y dos, las oportunidades est\u00e1n a tu alrededor, s\u00f3lo tienes que buscarlas. Cronoshare como plataforma digital te permite alcanzar, visualizar y valorar oportunidades al alcance de un \u00abclick\u00bb, y despu\u00e9s solo queda la acci\u00f3n&#8230; que depende de la voluntad de lograr las metas que quieras alcanzar.<\/p>\n<p>Cronoshare lo recomiendo 100% para emprendedores, personas con m\u00faltiples habilidades y capacidades con potencial para generar ingresos como aut\u00f3nomos, ingresos adicionales o para ampliar su cartera de clientes.<\/p>\n<div class=\"message_box announce txt-center\">\n<strong>\u00bfQuieres empezar a conseguir clientes para tu negocio?<\/strong><br \/>\n<br \/><a class=\"btn btn-naranja btn-lg\" href=\"https:\/\/www.cronoshare.com\/registrar-empresa?ctm_source=blog&#038;ctm_medium=blog&#038;ctm_campaign=profesionales-destacados-carlos-faneyth\">REGISTRATE GRATIS<\/a><\/div>\n<div class=\"message_box box-interview\">\n<img loading=\"lazy\" src=\"https:\/\/www.cronoshare.com\/blog\/wp-content\/uploads\/2018\/09\/ico_interview.png\" alt=\"ico_interview\" width=\"40\" height=\"40\" class=\"alignleft size-full wp-image-10016\" \/><\/p>\n<p style=\"font-size:14px;\">Si eres un profesional de Cronoshare y quieres aparecer en nuestra secci\u00f3n de Profesionales Destacados, puedes obtener m\u00e1s informaci\u00f3n sobre c\u00f3mo conseguirlo a trav\u00e9s de <a href=\"https:\/\/soporte.cronoshare.com\/hc\/es\/articles\/360015325872\">este enlace<\/a>.<\/p>\n<\/div>\n","protected":false},"excerpt":{"rendered":"<p>Carlos Faneyth es ingeniero industrial de profesi\u00f3n, especializado en el \u00e1rea de ciencia y tecnolog\u00eda de los alimentos. Tambi\u00e9n tiene inter\u00e9s en el \u00e1rea de asesor\u00eda, investigaci\u00f3n y docencia. Tiene m\u00e1s de 10 a\u00f1os de experiencia en diversos campos, los cuales le han permitido tener una visi\u00f3n integral y multivariable para la resoluci\u00f3n de problemas [&hellip;]<\/p>\n","protected":false},"author":4,"featured_media":6877,"comment_status":"open","ping_status":"closed","sticky":false,"template":"","format":"standard","meta":[],"categories":[3211],"tags":[3210],"yoast_head":"<!-- This site is optimized with the Yoast SEO Premium plugin v18.8 (Yoast SEO v19.2) - https:\/\/yoast.com\/wordpress\/plugins\/seo\/ -->\n<title>Profesionales Destacados de Cronoshare: Entrevista a Carlos Faneyth<\/title>\n<meta name=\"description\" content=\"Samuel protagoniza una nueva entrega de la secci\u00f3n de entrevistas a los Profesionales Destacados de Cronoshare. \u00a1Entra para conocer su historia!\" \/>\n<meta name=\"robots\" content=\"index, follow, max-snippet:-1, max-image-preview:large, max-video-preview:-1\" \/>\n<link rel=\"canonical\" href=\"https:\/\/www.cronoshare.com\/blog\/profesionales-destacados-carlos-faneyth\/\" \/>\n<meta property=\"og:locale\" content=\"es_ES\" \/>\n<meta property=\"og:type\" content=\"article\" \/>\n<meta property=\"og:title\" content=\"Profesionales Destacados de Cronoshare: Entrevista a Carlos Faneyth\" \/>\n<meta property=\"og:description\" content=\"Samuel protagoniza una nueva entrega de la secci\u00f3n de entrevistas a los Profesionales Destacados de Cronoshare. \u00a1Entra para conocer su historia!\" \/>\n<meta property=\"og:url\" content=\"https:\/\/www.cronoshare.com\/blog\/profesionales-destacados-carlos-faneyth\/\" \/>\n<meta property=\"og:site_name\" content=\"Blog de Cronoshare\" \/>\n<meta property=\"article:published_time\" content=\"2018-03-06T11:35:25+00:00\" \/>\n<meta property=\"article:modified_time\" content=\"2018-03-06T11:39:38+00:00\" \/>\n<meta property=\"og:image\" content=\"https:\/\/www.cronoshare.com\/blog\/wp-content\/uploads\/2018\/03\/Profesionales-Destacados-Carlos-Faneyth.png\" \/>\n\t<meta property=\"og:image:width\" content=\"750\" \/>\n\t<meta property=\"og:image:height\" content=\"400\" \/>\n\t<meta property=\"og:image:type\" content=\"image\/png\" \/>\n<meta name=\"author\" content=\"Irene\" \/>\n<meta name=\"twitter:card\" content=\"summary\" \/>\n<meta name=\"twitter:label1\" content=\"Escrito por\" \/>\n\t<meta name=\"twitter:data1\" content=\"Irene\" \/>\n\t<meta name=\"twitter:label2\" content=\"Tiempo de lectura\" \/>\n\t<meta name=\"twitter:data2\" content=\"4 minutos\" \/>\n<script type=\"application\/ld+json\" class=\"yoast-schema-graph\">{\"@context\":\"https:\/\/schema.org\",\"@graph\":[{\"@type\":\"WebSite\",\"@id\":\"https:\/\/www.cronoshare.com\/blog\/#website\",\"url\":\"https:\/\/www.cronoshare.com\/blog\/\",\"name\":\"Blog de Cronoshare\",\"description\":\"Encuentra los Mejores Profesionales de Servicios Locales\",\"potentialAction\":[{\"@type\":\"SearchAction\",\"target\":{\"@type\":\"EntryPoint\",\"urlTemplate\":\"https:\/\/www.cronoshare.com\/blog\/?s={search_term_string}\"},\"query-input\":\"required name=search_term_string\"}],\"inLanguage\":\"es\"},{\"@type\":\"ImageObject\",\"inLanguage\":\"es\",\"@id\":\"https:\/\/www.cronoshare.com\/blog\/profesionales-destacados-carlos-faneyth\/#primaryimage\",\"url\":\"https:\/\/www.cronoshare.com\/blog\/wp-content\/uploads\/2018\/03\/Profesionales-Destacados-Carlos-Faneyth.png\",\"contentUrl\":\"https:\/\/www.cronoshare.com\/blog\/wp-content\/uploads\/2018\/03\/Profesionales-Destacados-Carlos-Faneyth.png\",\"width\":750,\"height\":400,\"caption\":\"Profesionales Destacados Carlos Faneyth\"},{\"@type\":\"WebPage\",\"@id\":\"https:\/\/www.cronoshare.com\/blog\/profesionales-destacados-carlos-faneyth\/#webpage\",\"url\":\"https:\/\/www.cronoshare.com\/blog\/profesionales-destacados-carlos-faneyth\/\",\"name\":\"Profesionales Destacados de Cronoshare: Entrevista a Carlos Faneyth\",\"isPartOf\":{\"@id\":\"https:\/\/www.cronoshare.com\/blog\/#website\"},\"primaryImageOfPage\":{\"@id\":\"https:\/\/www.cronoshare.com\/blog\/profesionales-destacados-carlos-faneyth\/#primaryimage\"},\"datePublished\":\"2018-03-06T11:35:25+00:00\",\"dateModified\":\"2018-03-06T11:39:38+00:00\",\"author\":{\"@id\":\"https:\/\/www.cronoshare.com\/blog\/#\/schema\/person\/de0bb2e2c4f96906fdd2dc08807cd7ae\"},\"description\":\"Samuel protagoniza una nueva entrega de la secci\u00f3n de entrevistas a los Profesionales Destacados de Cronoshare. \u00a1Entra para conocer su historia!\",\"breadcrumb\":{\"@id\":\"https:\/\/www.cronoshare.com\/blog\/profesionales-destacados-carlos-faneyth\/#breadcrumb\"},\"inLanguage\":\"es\",\"potentialAction\":[{\"@type\":\"ReadAction\",\"target\":[\"https:\/\/www.cronoshare.com\/blog\/profesionales-destacados-carlos-faneyth\/\"]}]},{\"@type\":\"BreadcrumbList\",\"@id\":\"https:\/\/www.cronoshare.com\/blog\/profesionales-destacados-carlos-faneyth\/#breadcrumb\",\"itemListElement\":[{\"@type\":\"ListItem\",\"position\":1,\"name\":\"Portada\",\"item\":\"https:\/\/www.cronoshare.com\/blog\/\"},{\"@type\":\"ListItem\",\"position\":2,\"name\":\"Profesionales Destacados de Cronoshare: Entrevista a Carlos Faneyth\"}]},{\"@type\":\"Person\",\"@id\":\"https:\/\/www.cronoshare.com\/blog\/#\/schema\/person\/de0bb2e2c4f96906fdd2dc08807cd7ae\",\"name\":\"Irene\",\"image\":{\"@type\":\"ImageObject\",\"inLanguage\":\"es\",\"@id\":\"https:\/\/www.cronoshare.com\/blog\/#\/schema\/person\/image\/\",\"url\":\"https:\/\/secure.gravatar.com\/avatar\/dea932444e8d32d17748fe53801ab129?s=96&d=mm&r=g\",\"contentUrl\":\"https:\/\/secure.gravatar.com\/avatar\/dea932444e8d32d17748fe53801ab129?s=96&d=mm&r=g\",\"caption\":\"Irene\"},\"description\":\"Asistente de marketing y comunicaci\u00f3n en Cronoshare.\",\"url\":\"https:\/\/www.cronoshare.com\/blog\/author\/irene\/\"}]}<\/script>\n<!-- \/ Yoast SEO Premium plugin. -->","yoast_head_json":{"title":"Profesionales Destacados de Cronoshare: Entrevista a Carlos Faneyth","description":"Samuel protagoniza una nueva entrega de la secci\u00f3n de entrevistas a los Profesionales Destacados de Cronoshare. \u00a1Entra para conocer su historia!","robots":{"index":"index","follow":"follow","max-snippet":"max-snippet:-1","max-image-preview":"max-image-preview:large","max-video-preview":"max-video-preview:-1"},"canonical":"https:\/\/www.cronoshare.com\/blog\/profesionales-destacados-carlos-faneyth\/","og_locale":"es_ES","og_type":"article","og_title":"Profesionales Destacados de Cronoshare: Entrevista a Carlos Faneyth","og_description":"Samuel protagoniza una nueva entrega de la secci\u00f3n de entrevistas a los Profesionales Destacados de Cronoshare. \u00a1Entra para conocer su historia!","og_url":"https:\/\/www.cronoshare.com\/blog\/profesionales-destacados-carlos-faneyth\/","og_site_name":"Blog de Cronoshare","article_published_time":"2018-03-06T11:35:25+00:00","article_modified_time":"2018-03-06T11:39:38+00:00","og_image":[{"width":750,"height":400,"url":"https:\/\/www.cronoshare.com\/blog\/wp-content\/uploads\/2018\/03\/Profesionales-Destacados-Carlos-Faneyth.png","type":"image\/png"}],"author":"Irene","twitter_card":"summary","twitter_misc":{"Escrito por":"Irene","Tiempo de lectura":"4 minutos"},"schema":{"@context":"https:\/\/schema.org","@graph":[{"@type":"WebSite","@id":"https:\/\/www.cronoshare.com\/blog\/#website","url":"https:\/\/www.cronoshare.com\/blog\/","name":"Blog de Cronoshare","description":"Encuentra los Mejores Profesionales de Servicios Locales","potentialAction":[{"@type":"SearchAction","target":{"@type":"EntryPoint","urlTemplate":"https:\/\/www.cronoshare.com\/blog\/?s={search_term_string}"},"query-input":"required name=search_term_string"}],"inLanguage":"es"},{"@type":"ImageObject","inLanguage":"es","@id":"https:\/\/www.cronoshare.com\/blog\/profesionales-destacados-carlos-faneyth\/#primaryimage","url":"https:\/\/www.cronoshare.com\/blog\/wp-content\/uploads\/2018\/03\/Profesionales-Destacados-Carlos-Faneyth.png","contentUrl":"https:\/\/www.cronoshare.com\/blog\/wp-content\/uploads\/2018\/03\/Profesionales-Destacados-Carlos-Faneyth.png","width":750,"height":400,"caption":"Profesionales Destacados Carlos Faneyth"},{"@type":"WebPage","@id":"https:\/\/www.cronoshare.com\/blog\/profesionales-destacados-carlos-faneyth\/#webpage","url":"https:\/\/www.cronoshare.com\/blog\/profesionales-destacados-carlos-faneyth\/","name":"Profesionales Destacados de Cronoshare: Entrevista a Carlos Faneyth","isPartOf":{"@id":"https:\/\/www.cronoshare.com\/blog\/#website"},"primaryImageOfPage":{"@id":"https:\/\/www.cronoshare.com\/blog\/profesionales-destacados-carlos-faneyth\/#primaryimage"},"datePublished":"2018-03-06T11:35:25+00:00","dateModified":"2018-03-06T11:39:38+00:00","author":{"@id":"https:\/\/www.cronoshare.com\/blog\/#\/schema\/person\/de0bb2e2c4f96906fdd2dc08807cd7ae"},"description":"Samuel protagoniza una nueva entrega de la secci\u00f3n de entrevistas a los Profesionales Destacados de Cronoshare. \u00a1Entra para conocer su historia!","breadcrumb":{"@id":"https:\/\/www.cronoshare.com\/blog\/profesionales-destacados-carlos-faneyth\/#breadcrumb"},"inLanguage":"es","potentialAction":[{"@type":"ReadAction","target":["https:\/\/www.cronoshare.com\/blog\/profesionales-destacados-carlos-faneyth\/"]}]},{"@type":"BreadcrumbList","@id":"https:\/\/www.cronoshare.com\/blog\/profesionales-destacados-carlos-faneyth\/#breadcrumb","itemListElement":[{"@type":"ListItem","position":1,"name":"Portada","item":"https:\/\/www.cronoshare.com\/blog\/"},{"@type":"ListItem","position":2,"name":"Profesionales Destacados de Cronoshare: Entrevista a Carlos Faneyth"}]},{"@type":"Person","@id":"https:\/\/www.cronoshare.com\/blog\/#\/schema\/person\/de0bb2e2c4f96906fdd2dc08807cd7ae","name":"Irene","image":{"@type":"ImageObject","inLanguage":"es","@id":"https:\/\/www.cronoshare.com\/blog\/#\/schema\/person\/image\/","url":"https:\/\/secure.gravatar.com\/avatar\/dea932444e8d32d17748fe53801ab129?s=96&d=mm&r=g","contentUrl":"https:\/\/secure.gravatar.com\/avatar\/dea932444e8d32d17748fe53801ab129?s=96&d=mm&r=g","caption":"Irene"},"description":"Asistente de marketing y comunicaci\u00f3n en Cronoshare.","url":"https:\/\/www.cronoshare.com\/blog\/author\/irene\/"}]}},"_links":{"self":[{"href":"https:\/\/www.cronoshare.com\/blog\/wp-json\/wp\/v2\/posts\/6875"}],"collection":[{"href":"https:\/\/www.cronoshare.com\/blog\/wp-json\/wp\/v2\/posts"}],"about":[{"href":"https:\/\/www.cronoshare.com\/blog\/wp-json\/wp\/v2\/types\/post"}],"author":[{"embeddable":true,"href":"https:\/\/www.cronoshare.com\/blog\/wp-json\/wp\/v2\/users\/4"}],"replies":[{"embeddable":true,"href":"https:\/\/www.cronoshare.com\/blog\/wp-json\/wp\/v2\/comments?post=6875"}],"version-history":[{"count":3,"href":"https:\/\/www.cronoshare.com\/blog\/wp-json\/wp\/v2\/posts\/6875\/revisions"}],"predecessor-version":[{"id":6879,"href":"https:\/\/www.cronoshare.com\/blog\/wp-json\/wp\/v2\/posts\/6875\/revisions\/6879"}],"wp:featuredmedia":[{"embeddable":true,"href":"https:\/\/www.cronoshare.com\/blog\/wp-json\/wp\/v2\/media\/6877"}],"wp:attachment":[{"href":"https:\/\/www.cronoshare.com\/blog\/wp-json\/wp\/v2\/media?parent=6875"}],"wp:term":[{"taxonomy":"category","embeddable":true,"href":"https:\/\/www.cronoshare.com\/blog\/wp-json\/wp\/v2\/categories?post=6875"},{"taxonomy":"post_tag","embeddable":true,"href":"https:\/\/www.cronoshare.com\/blog\/wp-json\/wp\/v2\/tags?post=6875"}],"curies":[{"name":"wp","href":"https:\/\/api.w.org\/{rel}","templated":true}]}}