{"id":8040,"date":"2018-05-31T18:55:39","date_gmt":"2018-05-31T16:55:39","guid":{"rendered":"https:\/\/www.cronoshare.com\/blog\/?p=8040"},"modified":"2018-05-31T18:55:39","modified_gmt":"2018-05-31T16:55:39","slug":"profesionales-destacados-cronoshare-entrevista-ana-alcocer","status":"publish","type":"post","link":"https:\/\/www.cronoshare.com\/blog\/profesionales-destacados-cronoshare-entrevista-ana-alcocer\/","title":{"rendered":"Profesionales Destacados de Cronoshare: Entrevista a Ana Alc\u00f3cer"},"content":{"rendered":"<p><a href=\"https:\/\/www.cronoshare.com\/croner-604768-ana-a\" target=\"_blank\">Ana Alc\u00f3cer<\/a> es una persona muy creativa; se dedica a la direcci\u00f3n de arte, fotograf\u00eda y dise\u00f1o gr\u00e1fico.<\/p>\n<p>Se centra sobre todo en el entorno de la moda, publicidad, producto y comunicaci\u00f3n.<\/p>\n<p><img loading=\"lazy\" src=\"https:\/\/www.cronoshare.com\/blog\/wp-content\/uploads\/2018\/05\/Profesionales-Destacados-Anna-Alcocer.jpg\" alt=\"Profesionales Destacados Ana Alc\u00f3cer\" width=\"720\" height=\"400\" class=\"alignnone size-full wp-image-8041\" \/><\/p>\n<p><strong>Ana Alc\u00f3cer<\/strong> protagoniza esta vez la secci\u00f3n de <strong><a href=\"https:\/\/www.cronoshare.com\/blog\/tag\/entrevistas\/\" rel=\"noopener\" target=\"_blank\">entrevistas a los profesionales destacados de Cronoshare<\/a><\/strong>. Aqu\u00ed daremos mensualmente voz a los mejores profesionales que han confiado en <a title=\"Encuentra clientes cercanos a ti para tu negocio\" href=\"https:\/\/www.cronoshare.com\/registrar-empresa?ctm_source=blog&#038;ctm_medium=blog&#038;ctm_campaign=profesionales-destacados-cronoshare-entrevista-ana-alcocer\" target=\"_blank\">Cronoshare<\/a>.  <\/p>\n<p>As\u00ed, nos contar\u00e1n sus experiencias y an\u00e9cdotas y ofrecer\u00e1n sus mejores consejos a toda la comunidad de profesionales.<\/p>\n<div class=\"message_box announce txt-center\">\n<strong>\u00bfQuieres empezar a conseguir clientes para tu negocio?<\/strong><br \/>\n<br \/><a class=\"btn btn-naranja btn-lg\" href=\"https:\/\/www.cronoshare.com\/registrar-empresa?ctm_source=blog&#038;ctm_medium=blog&#038;ctm_campaign=profesionales-destacados-cronoshare-entrevista-ana-alcocer\">REG\u00cdSTRATE GRATIS<\/a><\/div>\n<div class=\"border-gray\" style=\"display:table; width:100%;\">\n<div style=\"width:80%; display:table-cell; vertical-align: top;\">\n<p><strong>Nombre: <\/strong>Ana Alc\u00f3cer<\/p>\n<p><strong>Sector profesional:<\/strong> Dise\u00f1o Gr\u00e1fico y Fotograf\u00eda<\/p>\n<p><strong>Zona de trabajo:<\/strong> Madrid (Madrid)<\/p>\n<p><strong>Valoraci\u00f3n media de clientes:<\/strong> 10<\/p>\n<\/div>\n<div style=\"width:20%; display:table-cell;\">\n<p><script id=cronoscript src=https:\/\/www.cronoshare.com\/assets\/cronoSealWidget-ba977fd463539c4e3a5e7cec83eb3f99.js type=text\/javascript domain=https:\/\/www.cronoshare.com csspath=\/assets\/cronoSealWidget-52f5233eb11e6c3ed182e1da0bd37823.css><\/script><a href=\"https:\/\/www.cronoshare.com\/croner-604768-ana-a\" target=_blank title=\"Mira el perfil de Ana Alc\u00f3cer, Dise\u00f1adora Gr\u00e1fica y Fot\u00f3grafa en Cronoshare\" class=cronoWidget style=\"display: block; width: 186px; height: 186px\"><img class=cronoWidget src=https:\/\/www.cronoshare.com\/assets\/badges\/round-b-es-2018-affae3b74f794e73a4f6a2fc94ab5939.svg style=\"width: 186px; height: 186px\"><\/a><\/p>\n<\/div>\n<\/div>\n<p><\/p>\n<h1>Profesionales Destacados de Cronoshare: Ana Alc\u00f3cer<\/h1>\n<p><strong>\u00bfPor qu\u00e9 est\u00e1s en Cronoshare?<\/strong><\/p>\n<p>Es una muy buena plataforma donde encontrar clientes.<\/p>\n<p><strong>\u00bfQu\u00e9 te gusta de tu trabajo?<\/strong><\/p>\n<p>Mi trabajo es mi pasi\u00f3n.<\/p>\n<p><strong>\u00bfC\u00f3mo utilizas Cronoshare? \u00bfQu\u00e9 clientes o trabajos te interesan m\u00e1s?<\/strong><\/p>\n<p>Me interesan sobre todo los trabajos de fotograf\u00eda y dise\u00f1o gr\u00e1fico.<\/p>\n<p><strong>\u00bfCu\u00e1ntos clientes o trabajos has conseguido con nosotros? Pon algunos ejemplos.<\/strong><\/p>\n<p>Unos cuantos: varios logos, sobre todo trabajo en torno al dise\u00f1o. Realic\u00e9 un logo hace poco para una marca de ba\u00f1adores femeninos y tuve una gran experiencia con dos chicas muy simp\u00e1ticas a las que espero les vaya genial.<\/p>\n<div class=\"message_box note txt-center\">\n<img loading=\"lazy\" src=\"https:\/\/www.cronoshare.com\/blog\/wp-content\/uploads\/2017\/10\/stars.png\" alt=\"stars\" width=\"250\" height=\"44\" class=\"aligncenter size-full wp-image-4701\" \/><\/p>\n<p><strong>Opini\u00f3n de cliente destacada<\/strong><br \/>\n<left>Mar\u00eda ha opinado: Muy amable y profesional.<br \/>\n<\/left><br \/>\n<center><strong>Nota: 10<\/strong><br \/>\nMar\u00eda, 10-04-2018<\/center>\n<\/div>\n<p><strong>\u00bfQu\u00e9 pasos o m\u00e9todo sigues para contactar y\/o conseguir un cliente o trabajo?<\/strong><\/p>\n<p>Primero suelo llamar por tel\u00e9fono, presentarme y saber un poco m\u00e1s de qu\u00e9 va el proyecto. Si contestan luego pasamos a los emails y m\u00e1s llamadas, y a concretar el proyecto.<\/p>\n<p><strong>H\u00e1blanos sobre alguna experiencia o an\u00e9cdota con alg\u00fan cliente de Cronoshare.<\/strong><\/p>\n<p>Cuando empec\u00e9 en Cronoshare conoc\u00ed a un chico que me encarg\u00f3 un logotipo. Nos llam\u00e1bamos mil veces y he seguido trabajando con \u00e9l en varias ocasiones, adem\u00e1s de traerme m\u00e1s clientes.<\/p>\n<p><strong>\u00bfCu\u00e1l ser\u00eda tu consejo para un profesional que quiera empezar a trabajar en Cronoshare?<\/strong><\/p>\n<p>Ser constante, amable y ofrecer un servicio serio y bueno en base a tu experiencia, con precios competentes.<\/p>\n<div class=\"message_box announce txt-center\">\n<strong>\u00bfQuieres empezar a conseguir clientes para tu negocio?<\/strong><br \/>\n<br \/><a class=\"btn btn-naranja btn-lg\" href=\"https:\/\/www.cronoshare.com\/registrar-empresa?ctm_source=blog&#038;ctm_medium=blog&#038;ctm_campaign=profesionales-destacados-cronoshare-entrevista-ana-alcocer\">REGISTRATE GRATIS<\/a><\/div>\n<div class=\"message_box box-interview\">\n<img loading=\"lazy\" src=\"https:\/\/www.cronoshare.com\/blog\/wp-content\/uploads\/2018\/09\/ico_interview.png\" alt=\"ico_interview\" width=\"40\" height=\"40\" class=\"alignleft size-full wp-image-10016\" \/><\/p>\n<p style=\"font-size:14px;\">Si eres un profesional de Cronoshare y quieres aparecer en nuestra secci\u00f3n de Profesionales Destacados, puedes obtener m\u00e1s informaci\u00f3n sobre c\u00f3mo conseguirlo a trav\u00e9s de <a href=\"https:\/\/soporte.cronoshare.com\/hc\/es\/articles\/360015325872\">este enlace<\/a>.<\/p>\n<\/div>\n","protected":false},"excerpt":{"rendered":"<p>Ana Alc\u00f3cer es una persona muy creativa; se dedica a la direcci\u00f3n de arte, fotograf\u00eda y dise\u00f1o gr\u00e1fico. Se centra sobre todo en el entorno de la moda, publicidad, producto y comunicaci\u00f3n. Ana Alc\u00f3cer protagoniza esta vez la secci\u00f3n de entrevistas a los profesionales destacados de Cronoshare. Aqu\u00ed daremos mensualmente voz a los mejores profesionales [&hellip;]<\/p>\n","protected":false},"author":9,"featured_media":8041,"comment_status":"open","ping_status":"closed","sticky":false,"template":"","format":"standard","meta":[],"categories":[3211],"tags":[3210],"yoast_head":"<!-- This site is optimized with the Yoast SEO Premium plugin v18.8 (Yoast SEO v19.2) - https:\/\/yoast.com\/wordpress\/plugins\/seo\/ -->\n<title>Profesionales Destacados de Cronoshare: Entrevista a Ana Alc\u00f3cer<\/title>\n<meta name=\"description\" content=\"Ana Alc\u00f3cer es una dise\u00f1adora gr\u00e1fica y fot\u00f3grafa que protagoniza esta vez nuestra secci\u00f3n de Profesionales Destacados. \u00a1Entra a conocerla!\" \/>\n<meta name=\"robots\" content=\"index, follow, max-snippet:-1, max-image-preview:large, max-video-preview:-1\" \/>\n<link rel=\"canonical\" href=\"https:\/\/www.cronoshare.com\/blog\/profesionales-destacados-cronoshare-entrevista-ana-alcocer\/\" \/>\n<meta property=\"og:locale\" content=\"es_ES\" \/>\n<meta property=\"og:type\" content=\"article\" \/>\n<meta property=\"og:title\" content=\"Profesionales Destacados de Cronoshare: Entrevista a Ana Alc\u00f3cer\" \/>\n<meta property=\"og:description\" content=\"Ana Alc\u00f3cer es una dise\u00f1adora gr\u00e1fica y fot\u00f3grafa que protagoniza esta vez nuestra secci\u00f3n de Profesionales Destacados. \u00a1Entra a conocerla!\" \/>\n<meta property=\"og:url\" content=\"https:\/\/www.cronoshare.com\/blog\/profesionales-destacados-cronoshare-entrevista-ana-alcocer\/\" \/>\n<meta property=\"og:site_name\" content=\"Blog de Cronoshare\" \/>\n<meta property=\"article:published_time\" content=\"2018-05-31T16:55:39+00:00\" \/>\n<meta property=\"og:image\" content=\"https:\/\/www.cronoshare.com\/blog\/wp-content\/uploads\/2018\/05\/Profesionales-Destacados-Anna-Alcocer.jpg\" \/>\n\t<meta property=\"og:image:width\" content=\"720\" \/>\n\t<meta property=\"og:image:height\" content=\"400\" \/>\n\t<meta property=\"og:image:type\" content=\"image\/jpeg\" \/>\n<meta name=\"author\" content=\"Celia Arroyo\" \/>\n<meta name=\"twitter:card\" content=\"summary\" \/>\n<meta name=\"twitter:label1\" content=\"Escrito por\" \/>\n\t<meta name=\"twitter:data1\" content=\"Celia Arroyo\" \/>\n\t<meta name=\"twitter:label2\" content=\"Tiempo de lectura\" \/>\n\t<meta name=\"twitter:data2\" content=\"2 minutos\" \/>\n<script type=\"application\/ld+json\" class=\"yoast-schema-graph\">{\"@context\":\"https:\/\/schema.org\",\"@graph\":[{\"@type\":\"WebSite\",\"@id\":\"https:\/\/www.cronoshare.com\/blog\/#website\",\"url\":\"https:\/\/www.cronoshare.com\/blog\/\",\"name\":\"Blog de Cronoshare\",\"description\":\"Encuentra los Mejores Profesionales de Servicios Locales\",\"potentialAction\":[{\"@type\":\"SearchAction\",\"target\":{\"@type\":\"EntryPoint\",\"urlTemplate\":\"https:\/\/www.cronoshare.com\/blog\/?s={search_term_string}\"},\"query-input\":\"required name=search_term_string\"}],\"inLanguage\":\"es\"},{\"@type\":\"ImageObject\",\"inLanguage\":\"es\",\"@id\":\"https:\/\/www.cronoshare.com\/blog\/profesionales-destacados-cronoshare-entrevista-ana-alcocer\/#primaryimage\",\"url\":\"https:\/\/www.cronoshare.com\/blog\/wp-content\/uploads\/2018\/05\/Profesionales-Destacados-Anna-Alcocer.jpg\",\"contentUrl\":\"https:\/\/www.cronoshare.com\/blog\/wp-content\/uploads\/2018\/05\/Profesionales-Destacados-Anna-Alcocer.jpg\",\"width\":720,\"height\":400,\"caption\":\"Profesionales Destacados Ana Alc\u00f3cer\"},{\"@type\":\"WebPage\",\"@id\":\"https:\/\/www.cronoshare.com\/blog\/profesionales-destacados-cronoshare-entrevista-ana-alcocer\/#webpage\",\"url\":\"https:\/\/www.cronoshare.com\/blog\/profesionales-destacados-cronoshare-entrevista-ana-alcocer\/\",\"name\":\"Profesionales Destacados de Cronoshare: Entrevista a Ana Alc\u00f3cer\",\"isPartOf\":{\"@id\":\"https:\/\/www.cronoshare.com\/blog\/#website\"},\"primaryImageOfPage\":{\"@id\":\"https:\/\/www.cronoshare.com\/blog\/profesionales-destacados-cronoshare-entrevista-ana-alcocer\/#primaryimage\"},\"datePublished\":\"2018-05-31T16:55:39+00:00\",\"dateModified\":\"2018-05-31T16:55:39+00:00\",\"author\":{\"@id\":\"https:\/\/www.cronoshare.com\/blog\/#\/schema\/person\/d7c2f8b2690d6f9815a9d2f7999c36f9\"},\"description\":\"Ana Alc\u00f3cer es una dise\u00f1adora gr\u00e1fica y fot\u00f3grafa que protagoniza esta vez nuestra secci\u00f3n de Profesionales Destacados. \u00a1Entra a conocerla!\",\"breadcrumb\":{\"@id\":\"https:\/\/www.cronoshare.com\/blog\/profesionales-destacados-cronoshare-entrevista-ana-alcocer\/#breadcrumb\"},\"inLanguage\":\"es\",\"potentialAction\":[{\"@type\":\"ReadAction\",\"target\":[\"https:\/\/www.cronoshare.com\/blog\/profesionales-destacados-cronoshare-entrevista-ana-alcocer\/\"]}]},{\"@type\":\"BreadcrumbList\",\"@id\":\"https:\/\/www.cronoshare.com\/blog\/profesionales-destacados-cronoshare-entrevista-ana-alcocer\/#breadcrumb\",\"itemListElement\":[{\"@type\":\"ListItem\",\"position\":1,\"name\":\"Portada\",\"item\":\"https:\/\/www.cronoshare.com\/blog\/\"},{\"@type\":\"ListItem\",\"position\":2,\"name\":\"Profesionales Destacados de Cronoshare: Entrevista a Ana Alc\u00f3cer\"}]},{\"@type\":\"Person\",\"@id\":\"https:\/\/www.cronoshare.com\/blog\/#\/schema\/person\/d7c2f8b2690d6f9815a9d2f7999c36f9\",\"name\":\"Celia Arroyo\",\"image\":{\"@type\":\"ImageObject\",\"inLanguage\":\"es\",\"@id\":\"https:\/\/www.cronoshare.com\/blog\/#\/schema\/person\/image\/\",\"url\":\"https:\/\/secure.gravatar.com\/avatar\/fe09dd60bd27aab7079a1254b45b95d3?s=96&d=mm&r=g\",\"contentUrl\":\"https:\/\/secure.gravatar.com\/avatar\/fe09dd60bd27aab7079a1254b45b95d3?s=96&d=mm&r=g\",\"caption\":\"Celia Arroyo\"},\"description\":\"Digital Marketing Assistant en Cronoshare. Su amor por la escritura la impuls\u00f3 a estudiar el Grado de Estudios Hisp\u00e1nicos en la Universidad de Valencia. M\u00e1s tarde se adentr\u00f3 en el mundo del Marketing de la mano de la Escuela de Organizaci\u00f3n Industrial y ha seguido especializ\u00e1ndose en la redacci\u00f3n de contenidos a trav\u00e9s de m\u00faltiples cursos.\",\"url\":\"https:\/\/www.cronoshare.com\/blog\/author\/celia\/\"}]}<\/script>\n<!-- \/ Yoast SEO Premium plugin. -->","yoast_head_json":{"title":"Profesionales Destacados de Cronoshare: Entrevista a Ana Alc\u00f3cer","description":"Ana Alc\u00f3cer es una dise\u00f1adora gr\u00e1fica y fot\u00f3grafa que protagoniza esta vez nuestra secci\u00f3n de Profesionales Destacados. \u00a1Entra a conocerla!","robots":{"index":"index","follow":"follow","max-snippet":"max-snippet:-1","max-image-preview":"max-image-preview:large","max-video-preview":"max-video-preview:-1"},"canonical":"https:\/\/www.cronoshare.com\/blog\/profesionales-destacados-cronoshare-entrevista-ana-alcocer\/","og_locale":"es_ES","og_type":"article","og_title":"Profesionales Destacados de Cronoshare: Entrevista a Ana Alc\u00f3cer","og_description":"Ana Alc\u00f3cer es una dise\u00f1adora gr\u00e1fica y fot\u00f3grafa que protagoniza esta vez nuestra secci\u00f3n de Profesionales Destacados. \u00a1Entra a conocerla!","og_url":"https:\/\/www.cronoshare.com\/blog\/profesionales-destacados-cronoshare-entrevista-ana-alcocer\/","og_site_name":"Blog de Cronoshare","article_published_time":"2018-05-31T16:55:39+00:00","og_image":[{"width":720,"height":400,"url":"https:\/\/www.cronoshare.com\/blog\/wp-content\/uploads\/2018\/05\/Profesionales-Destacados-Anna-Alcocer.jpg","type":"image\/jpeg"}],"author":"Celia Arroyo","twitter_card":"summary","twitter_misc":{"Escrito por":"Celia Arroyo","Tiempo de lectura":"2 minutos"},"schema":{"@context":"https:\/\/schema.org","@graph":[{"@type":"WebSite","@id":"https:\/\/www.cronoshare.com\/blog\/#website","url":"https:\/\/www.cronoshare.com\/blog\/","name":"Blog de Cronoshare","description":"Encuentra los Mejores Profesionales de Servicios Locales","potentialAction":[{"@type":"SearchAction","target":{"@type":"EntryPoint","urlTemplate":"https:\/\/www.cronoshare.com\/blog\/?s={search_term_string}"},"query-input":"required name=search_term_string"}],"inLanguage":"es"},{"@type":"ImageObject","inLanguage":"es","@id":"https:\/\/www.cronoshare.com\/blog\/profesionales-destacados-cronoshare-entrevista-ana-alcocer\/#primaryimage","url":"https:\/\/www.cronoshare.com\/blog\/wp-content\/uploads\/2018\/05\/Profesionales-Destacados-Anna-Alcocer.jpg","contentUrl":"https:\/\/www.cronoshare.com\/blog\/wp-content\/uploads\/2018\/05\/Profesionales-Destacados-Anna-Alcocer.jpg","width":720,"height":400,"caption":"Profesionales Destacados Ana Alc\u00f3cer"},{"@type":"WebPage","@id":"https:\/\/www.cronoshare.com\/blog\/profesionales-destacados-cronoshare-entrevista-ana-alcocer\/#webpage","url":"https:\/\/www.cronoshare.com\/blog\/profesionales-destacados-cronoshare-entrevista-ana-alcocer\/","name":"Profesionales Destacados de Cronoshare: Entrevista a Ana Alc\u00f3cer","isPartOf":{"@id":"https:\/\/www.cronoshare.com\/blog\/#website"},"primaryImageOfPage":{"@id":"https:\/\/www.cronoshare.com\/blog\/profesionales-destacados-cronoshare-entrevista-ana-alcocer\/#primaryimage"},"datePublished":"2018-05-31T16:55:39+00:00","dateModified":"2018-05-31T16:55:39+00:00","author":{"@id":"https:\/\/www.cronoshare.com\/blog\/#\/schema\/person\/d7c2f8b2690d6f9815a9d2f7999c36f9"},"description":"Ana Alc\u00f3cer es una dise\u00f1adora gr\u00e1fica y fot\u00f3grafa que protagoniza esta vez nuestra secci\u00f3n de Profesionales Destacados. \u00a1Entra a conocerla!","breadcrumb":{"@id":"https:\/\/www.cronoshare.com\/blog\/profesionales-destacados-cronoshare-entrevista-ana-alcocer\/#breadcrumb"},"inLanguage":"es","potentialAction":[{"@type":"ReadAction","target":["https:\/\/www.cronoshare.com\/blog\/profesionales-destacados-cronoshare-entrevista-ana-alcocer\/"]}]},{"@type":"BreadcrumbList","@id":"https:\/\/www.cronoshare.com\/blog\/profesionales-destacados-cronoshare-entrevista-ana-alcocer\/#breadcrumb","itemListElement":[{"@type":"ListItem","position":1,"name":"Portada","item":"https:\/\/www.cronoshare.com\/blog\/"},{"@type":"ListItem","position":2,"name":"Profesionales Destacados de Cronoshare: Entrevista a Ana Alc\u00f3cer"}]},{"@type":"Person","@id":"https:\/\/www.cronoshare.com\/blog\/#\/schema\/person\/d7c2f8b2690d6f9815a9d2f7999c36f9","name":"Celia Arroyo","image":{"@type":"ImageObject","inLanguage":"es","@id":"https:\/\/www.cronoshare.com\/blog\/#\/schema\/person\/image\/","url":"https:\/\/secure.gravatar.com\/avatar\/fe09dd60bd27aab7079a1254b45b95d3?s=96&d=mm&r=g","contentUrl":"https:\/\/secure.gravatar.com\/avatar\/fe09dd60bd27aab7079a1254b45b95d3?s=96&d=mm&r=g","caption":"Celia Arroyo"},"description":"Digital Marketing Assistant en Cronoshare. Su amor por la escritura la impuls\u00f3 a estudiar el Grado de Estudios Hisp\u00e1nicos en la Universidad de Valencia. M\u00e1s tarde se adentr\u00f3 en el mundo del Marketing de la mano de la Escuela de Organizaci\u00f3n Industrial y ha seguido especializ\u00e1ndose en la redacci\u00f3n de contenidos a trav\u00e9s de m\u00faltiples cursos.","url":"https:\/\/www.cronoshare.com\/blog\/author\/celia\/"}]}},"_links":{"self":[{"href":"https:\/\/www.cronoshare.com\/blog\/wp-json\/wp\/v2\/posts\/8040"}],"collection":[{"href":"https:\/\/www.cronoshare.com\/blog\/wp-json\/wp\/v2\/posts"}],"about":[{"href":"https:\/\/www.cronoshare.com\/blog\/wp-json\/wp\/v2\/types\/post"}],"author":[{"embeddable":true,"href":"https:\/\/www.cronoshare.com\/blog\/wp-json\/wp\/v2\/users\/9"}],"replies":[{"embeddable":true,"href":"https:\/\/www.cronoshare.com\/blog\/wp-json\/wp\/v2\/comments?post=8040"}],"version-history":[{"count":2,"href":"https:\/\/www.cronoshare.com\/blog\/wp-json\/wp\/v2\/posts\/8040\/revisions"}],"predecessor-version":[{"id":8045,"href":"https:\/\/www.cronoshare.com\/blog\/wp-json\/wp\/v2\/posts\/8040\/revisions\/8045"}],"wp:featuredmedia":[{"embeddable":true,"href":"https:\/\/www.cronoshare.com\/blog\/wp-json\/wp\/v2\/media\/8041"}],"wp:attachment":[{"href":"https:\/\/www.cronoshare.com\/blog\/wp-json\/wp\/v2\/media?parent=8040"}],"wp:term":[{"taxonomy":"category","embeddable":true,"href":"https:\/\/www.cronoshare.com\/blog\/wp-json\/wp\/v2\/categories?post=8040"},{"taxonomy":"post_tag","embeddable":true,"href":"https:\/\/www.cronoshare.com\/blog\/wp-json\/wp\/v2\/tags?post=8040"}],"curies":[{"name":"wp","href":"https:\/\/api.w.org\/{rel}","templated":true}]}}