{"id":9126,"date":"2018-07-05T17:11:14","date_gmt":"2018-07-05T15:11:14","guid":{"rendered":"https:\/\/www.cronoshare.com\/blog\/?p=9126"},"modified":"2018-07-05T17:32:06","modified_gmt":"2018-07-05T15:32:06","slug":"profesionales-destacados-cronoshare-entrevista-rafael-cuevas-socialcomm","status":"publish","type":"post","link":"https:\/\/www.cronoshare.com\/blog\/profesionales-destacados-cronoshare-entrevista-rafael-cuevas-socialcomm\/","title":{"rendered":"Profesionales Destacados de Cronoshare: Entrevista a Rafael Cuevas de Socialcomm"},"content":{"rendered":"<p><a href=\"https:\/\/www.cronoshare.com\/croner-1297933-rafael\" target=\"_blank\">Rafael Cuevas<\/a>, de Socialcomm, es Social Media Manager y Periodista, licenciado en la Universidad Complutense. Tambi\u00e9n ha sido empresario desde 1994, en los campos de la hosteler\u00eda y el comercio. <\/p>\n<p>Su inter\u00e9s por el Marketing Digital comenz\u00f3 en 2014 cuando, despu\u00e9s de cerrar un negocio, se vio en una situaci\u00f3n econ\u00f3micamente apretada. Su inter\u00e9s por las nuevas formas de comunicaci\u00f3n, su condici\u00f3n de periodista y su desenvoltura en las redes hicieron que se interesara por este campo. <\/p>\n<p>Tras terminar un curso privado de iniciaci\u00f3n al Marketing Digital y otro, m\u00e1s avanzado, en el Centro de Formaci\u00f3n Permanente de la Universidad de Sevilla, decidi\u00f3 montar la empresa con un socio.<\/p>\n<p><img loading=\"lazy\" src=\"https:\/\/www.cronoshare.com\/blog\/wp-content\/uploads\/2018\/07\/Profesionales-Destacados-Socialcomm.jpg\" alt=\"Profesionales Destacados Rafael Cuevas de  Socialcomm\" width=\"720\" height=\"400\" class=\"alignnone size-full wp-image-9127\" \/><\/p>\n<p><strong>Rafael Cuevas<\/strong> protagoniza esta vez la secci\u00f3n de <strong><a href=\"https:\/\/www.cronoshare.com\/blog\/tag\/entrevistas\/\" rel=\"noopener\" target=\"_blank\">entrevistas a los profesionales destacados de Cronoshare<\/a><\/strong>. Aqu\u00ed daremos mensualmente voz a los mejores profesionales que han confiado en <a title=\"Encuentra clientes cercanos a ti para tu negocio\" href=\"https:\/\/www.cronoshare.com\/registrar-empresa?ctm_source=blog&#038;ctm_medium=blog&#038;ctm_campaign=profesionales-destacados-cronoshare-entrevista-rafael-cuevas-socialcomm\" target=\"_blank\">Cronoshare<\/a>.  <\/p>\n<p>As\u00ed, nos contar\u00e1n sus experiencias y an\u00e9cdotas y ofrecer\u00e1n sus mejores consejos a toda la comunidad de profesionales.<\/p>\n<div class=\"message_box announce txt-center\">\n<strong>\u00bfQuieres empezar a conseguir clientes para tu negocio?<\/strong><br \/>\n<br \/><a class=\"btn btn-naranja btn-lg\" href=\"https:\/\/www.cronoshare.com\/registrar-empresa?ctm_source=blog&#038;ctm_medium=blog&#038;ctm_campaign=profesionales-destacados-cronoshare-entrevista-rafael-cuevas-socialcomm\">REG\u00cdSTRATE GRATIS<\/a><\/div>\n<div class=\"border-gray\" style=\"display:table; width:100%;\">\n<div style=\"width:80%; display:table-cell; vertical-align: top;\">\n<p><strong>Nombre: <\/strong>Rafael Cuevas<\/p>\n<p><strong>Sector profesional:<\/strong> Marketing Digital<\/p>\n<p><strong>Zona de trabajo:<\/strong> Sevilla (Sevilla)<\/p>\n<p><strong>Valoraci\u00f3n media de clientes:<\/strong> 9<\/p>\n<\/div>\n<div style=\"width:20%; display:table-cell;\">\n<p><script id=cronoscript src=https:\/\/www.cronoshare.com\/assets\/cronoSealWidget-ba977fd463539c4e3a5e7cec83eb3f99.js type=text\/javascript domain=https:\/\/www.cronoshare.com csspath=\/assets\/cronoSealWidget-52f5233eb11e6c3ed182e1da0bd37823.css><\/script><a href=\"https:\/\/www.cronoshare.com\/croner-1297933-rafael\" target=_blank title=\"Mira el perfil de Rafael Cuevas, Social Media Manager en Cronoshare\" class=cronoWidget style=\"display: block; width: 186px; height: 186px\"><img class=cronoWidget src=https:\/\/www.cronoshare.com\/assets\/badges\/round-b-es-2018-affae3b74f794e73a4f6a2fc94ab5939.svg style=\"width: 186px; height: 186px\"><\/a><\/p>\n<\/div>\n<\/div>\n<p><\/p>\n<h1>Profesionales Destacados de Cronoshare: Rafael Cuevas<\/h1>\n<p><strong>\u00bfC\u00f3mo y cu\u00e1ndo decidiste empezar a colaborar en Cronoshare?<\/strong><\/p>\n<p>Hace unos 5 meses. Vi interesante una empresa que vincula personas que necesitan servicios con personas que los ofrecen, de un modo independiente y con el filtro de un peque\u00f1o pago, lo cual implica inter\u00e9s real por ambas partes.<\/p>\n<p><strong>\u00bfQu\u00e9 te gusta de tu trabajo? \u00bfQu\u00e9 te diferencia del resto de profesionales de tu sector?<\/strong><\/p>\n<p>Trabajo con la ilusi\u00f3n de un estudiante que acaba de terminar la carrera y contin\u00fao mi formaci\u00f3n cada d\u00eda. El Marketing Digital es un mundo apasionante y enormemente cambiante. Si te duermes, en muy poco tiempo llegar\u00e1n otros que lo har\u00e1n mejor que tu.<\/p>\n<p><strong>\u00bfQu\u00e9 desear\u00edas haber sabido cuando comenzaste a usar Cronoshare?<\/strong><\/p>\n<p>En realidad esta pregunta es tan general que no s\u00e9 muy bien c\u00f3mo responderla. No se me ocurre nada en concreto.<\/p>\n<p><strong>\u00bfCu\u00e1ntos clientes o trabajos has conseguido con nosotros? Pon algunos ejemplos si los recuerdas.<\/strong><\/p>\n<p>He conseguido dos clientes y, en estos momentos, estoy en contacto con otro. Pero he recibido ofertas muy interesantes que no he respondido por no poder atender por falta de tiempo. Tambi\u00e9n he contactado con gente interesante y, aunque no hemos llegado a acuerdos, ha sido satisfactorio.<\/p>\n<div class=\"message_box note txt-center\">\n<img loading=\"lazy\" src=\"https:\/\/www.cronoshare.com\/blog\/wp-content\/uploads\/2017\/10\/stars.png\" alt=\"stars\" width=\"250\" height=\"44\" class=\"aligncenter size-full wp-image-4701\" \/><\/p>\n<p><strong>Opini\u00f3n de cliente destacada<\/strong><br \/>\n<left>Francisco ha opinado: Cumple perfectamente con su cometido <\/left><br \/>\n<center><strong>Nota: 9<\/strong><br \/>\nFrancisco, 21-06-2018<\/center>\n<\/div>\n<p><strong>\u00bfQu\u00e9 pasos o m\u00e9todo sigues para contactar y\/o conseguir un cliente o trabajo?<\/strong><\/p>\n<p>En Cronoshare, los definidos por el sistema. En otros \u00e1mbitos hay multitud de formas. Pero la m\u00e1s com\u00fan es el \u00abboca a boca\u00bb. Clientes satisfechos que recomiendan.<\/p>\n<p><strong>\u00bfTienes alguna an\u00e9cdota interesante sobre alg\u00fan cliente? <\/strong><\/p>\n<p>Tengo muchas an\u00e9cdotas. Recuerdo, cuando empec\u00e9, un cliente de un negocio de hosteler\u00eda al que le llevaba las redes su sobrino. Y el chaval se dedicaba a hacerse fotos en el restaurante con sus amigotes. La imagen de su negocio eran adolescentes haciendo gracietas con su imagen de marca.<\/p>\n<p><strong>\u00bfQu\u00e9 consejos le dar\u00edas a los profesionales que quieren empezar a colaborar en Cronoshare?<\/strong><\/p>\n<p>Se reciben propuestas serias de personas que solicitan servicios concretos. No se pierde el tiempo ya que hay un inter\u00e9s previo. Y, lo m\u00e1s importante, te puedes hacer una idea bastante clara de lo que el cliente necesita, antes de contactar con \u00e9l.<\/p>\n<div class=\"message_box announce txt-center\">\n<strong>\u00bfQuieres empezar a conseguir clientes para tu negocio?<\/strong><br \/>\n<br \/><a class=\"btn btn-naranja btn-lg\" href=\"https:\/\/www.cronoshare.com\/registrar-empresa?ctm_source=blog&#038;ctm_medium=blog&#038;ctm_campaign=profesionales-destacados-cronoshare-entrevista-rafael-cuevas-socialcomm\">REG\u00cdSTRATE GRATIS<\/a><\/div>\n<div class=\"message_box box-interview\">\n<img loading=\"lazy\" src=\"https:\/\/www.cronoshare.com\/blog\/wp-content\/uploads\/2018\/09\/ico_interview.png\" alt=\"ico_interview\" width=\"40\" height=\"40\" class=\"alignleft size-full wp-image-10016\" \/><\/p>\n<p style=\"font-size:14px;\">Si eres un profesional de Cronoshare y quieres aparecer en nuestra secci\u00f3n de Profesionales Destacados, puedes obtener m\u00e1s informaci\u00f3n sobre c\u00f3mo conseguirlo a trav\u00e9s de <a href=\"https:\/\/soporte.cronoshare.com\/hc\/es\/articles\/360015325872\">este enlace<\/a>.<\/p>\n<\/div>\n","protected":false},"excerpt":{"rendered":"<p>Rafael Cuevas, de Socialcomm, es Social Media Manager y Periodista, licenciado en la Universidad Complutense. Tambi\u00e9n ha sido empresario desde 1994, en los campos de la hosteler\u00eda y el comercio. Su inter\u00e9s por el Marketing Digital comenz\u00f3 en 2014 cuando, despu\u00e9s de cerrar un negocio, se vio en una situaci\u00f3n econ\u00f3micamente apretada. Su inter\u00e9s por [&hellip;]<\/p>\n","protected":false},"author":9,"featured_media":9127,"comment_status":"open","ping_status":"closed","sticky":false,"template":"","format":"standard","meta":[],"categories":[3211],"tags":[3210],"yoast_head":"<!-- This site is optimized with the Yoast SEO Premium plugin v18.8 (Yoast SEO v19.2) - https:\/\/yoast.com\/wordpress\/plugins\/seo\/ -->\n<title>Profesionales Destacados de Cronoshare: Entrevista a Rafael Cuevas de Socialcomm<\/title>\n<meta name=\"description\" content=\"Rafael Cuevas es un social media manager que protagoniza esta vez nuestra secci\u00f3n de Profesionales Destacados. \u00a1Entra a conocerle!\" \/>\n<meta name=\"robots\" content=\"index, follow, max-snippet:-1, max-image-preview:large, max-video-preview:-1\" \/>\n<link rel=\"canonical\" href=\"https:\/\/www.cronoshare.com\/blog\/profesionales-destacados-cronoshare-entrevista-rafael-cuevas-socialcomm\/\" \/>\n<meta property=\"og:locale\" content=\"es_ES\" \/>\n<meta property=\"og:type\" content=\"article\" \/>\n<meta property=\"og:title\" content=\"Profesionales Destacados de Cronoshare: Entrevista a Rafael Cuevas de Socialcomm\" \/>\n<meta property=\"og:description\" content=\"Rafael Cuevas es un social media manager que protagoniza esta vez nuestra secci\u00f3n de Profesionales Destacados. \u00a1Entra a conocerle!\" \/>\n<meta property=\"og:url\" content=\"https:\/\/www.cronoshare.com\/blog\/profesionales-destacados-cronoshare-entrevista-rafael-cuevas-socialcomm\/\" \/>\n<meta property=\"og:site_name\" content=\"Blog de Cronoshare\" \/>\n<meta property=\"article:published_time\" content=\"2018-07-05T15:11:14+00:00\" \/>\n<meta property=\"article:modified_time\" content=\"2018-07-05T15:32:06+00:00\" \/>\n<meta property=\"og:image\" content=\"https:\/\/www.cronoshare.com\/blog\/wp-content\/uploads\/2018\/07\/Profesionales-Destacados-Socialcomm.jpg\" \/>\n\t<meta property=\"og:image:width\" content=\"720\" \/>\n\t<meta property=\"og:image:height\" content=\"400\" \/>\n\t<meta property=\"og:image:type\" content=\"image\/jpeg\" \/>\n<meta name=\"author\" content=\"Celia Arroyo\" \/>\n<meta name=\"twitter:card\" content=\"summary\" \/>\n<meta name=\"twitter:label1\" content=\"Escrito por\" \/>\n\t<meta name=\"twitter:data1\" content=\"Celia Arroyo\" \/>\n\t<meta name=\"twitter:label2\" content=\"Tiempo de lectura\" \/>\n\t<meta name=\"twitter:data2\" content=\"3 minutos\" \/>\n<script type=\"application\/ld+json\" class=\"yoast-schema-graph\">{\"@context\":\"https:\/\/schema.org\",\"@graph\":[{\"@type\":\"WebSite\",\"@id\":\"https:\/\/www.cronoshare.com\/blog\/#website\",\"url\":\"https:\/\/www.cronoshare.com\/blog\/\",\"name\":\"Blog de Cronoshare\",\"description\":\"Encuentra los Mejores Profesionales de Servicios Locales\",\"potentialAction\":[{\"@type\":\"SearchAction\",\"target\":{\"@type\":\"EntryPoint\",\"urlTemplate\":\"https:\/\/www.cronoshare.com\/blog\/?s={search_term_string}\"},\"query-input\":\"required name=search_term_string\"}],\"inLanguage\":\"es\"},{\"@type\":\"ImageObject\",\"inLanguage\":\"es\",\"@id\":\"https:\/\/www.cronoshare.com\/blog\/profesionales-destacados-cronoshare-entrevista-rafael-cuevas-socialcomm\/#primaryimage\",\"url\":\"https:\/\/www.cronoshare.com\/blog\/wp-content\/uploads\/2018\/07\/Profesionales-Destacados-Socialcomm.jpg\",\"contentUrl\":\"https:\/\/www.cronoshare.com\/blog\/wp-content\/uploads\/2018\/07\/Profesionales-Destacados-Socialcomm.jpg\",\"width\":720,\"height\":400,\"caption\":\"Profesionales Destacados Rafael Cuevas de Socialcomm\"},{\"@type\":\"WebPage\",\"@id\":\"https:\/\/www.cronoshare.com\/blog\/profesionales-destacados-cronoshare-entrevista-rafael-cuevas-socialcomm\/#webpage\",\"url\":\"https:\/\/www.cronoshare.com\/blog\/profesionales-destacados-cronoshare-entrevista-rafael-cuevas-socialcomm\/\",\"name\":\"Profesionales Destacados de Cronoshare: Entrevista a Rafael Cuevas de Socialcomm\",\"isPartOf\":{\"@id\":\"https:\/\/www.cronoshare.com\/blog\/#website\"},\"primaryImageOfPage\":{\"@id\":\"https:\/\/www.cronoshare.com\/blog\/profesionales-destacados-cronoshare-entrevista-rafael-cuevas-socialcomm\/#primaryimage\"},\"datePublished\":\"2018-07-05T15:11:14+00:00\",\"dateModified\":\"2018-07-05T15:32:06+00:00\",\"author\":{\"@id\":\"https:\/\/www.cronoshare.com\/blog\/#\/schema\/person\/d7c2f8b2690d6f9815a9d2f7999c36f9\"},\"description\":\"Rafael Cuevas es un social media manager que protagoniza esta vez nuestra secci\u00f3n de Profesionales Destacados. \u00a1Entra a conocerle!\",\"breadcrumb\":{\"@id\":\"https:\/\/www.cronoshare.com\/blog\/profesionales-destacados-cronoshare-entrevista-rafael-cuevas-socialcomm\/#breadcrumb\"},\"inLanguage\":\"es\",\"potentialAction\":[{\"@type\":\"ReadAction\",\"target\":[\"https:\/\/www.cronoshare.com\/blog\/profesionales-destacados-cronoshare-entrevista-rafael-cuevas-socialcomm\/\"]}]},{\"@type\":\"BreadcrumbList\",\"@id\":\"https:\/\/www.cronoshare.com\/blog\/profesionales-destacados-cronoshare-entrevista-rafael-cuevas-socialcomm\/#breadcrumb\",\"itemListElement\":[{\"@type\":\"ListItem\",\"position\":1,\"name\":\"Portada\",\"item\":\"https:\/\/www.cronoshare.com\/blog\/\"},{\"@type\":\"ListItem\",\"position\":2,\"name\":\"Profesionales Destacados de Cronoshare: Entrevista a Rafael Cuevas de Socialcomm\"}]},{\"@type\":\"Person\",\"@id\":\"https:\/\/www.cronoshare.com\/blog\/#\/schema\/person\/d7c2f8b2690d6f9815a9d2f7999c36f9\",\"name\":\"Celia Arroyo\",\"image\":{\"@type\":\"ImageObject\",\"inLanguage\":\"es\",\"@id\":\"https:\/\/www.cronoshare.com\/blog\/#\/schema\/person\/image\/\",\"url\":\"https:\/\/secure.gravatar.com\/avatar\/fe09dd60bd27aab7079a1254b45b95d3?s=96&d=mm&r=g\",\"contentUrl\":\"https:\/\/secure.gravatar.com\/avatar\/fe09dd60bd27aab7079a1254b45b95d3?s=96&d=mm&r=g\",\"caption\":\"Celia Arroyo\"},\"description\":\"Digital Marketing Assistant en Cronoshare. Su amor por la escritura la impuls\u00f3 a estudiar el Grado de Estudios Hisp\u00e1nicos en la Universidad de Valencia. M\u00e1s tarde se adentr\u00f3 en el mundo del Marketing de la mano de la Escuela de Organizaci\u00f3n Industrial y ha seguido especializ\u00e1ndose en la redacci\u00f3n de contenidos a trav\u00e9s de m\u00faltiples cursos.\",\"url\":\"https:\/\/www.cronoshare.com\/blog\/author\/celia\/\"}]}<\/script>\n<!-- \/ Yoast SEO Premium plugin. -->","yoast_head_json":{"title":"Profesionales Destacados de Cronoshare: Entrevista a Rafael Cuevas de Socialcomm","description":"Rafael Cuevas es un social media manager que protagoniza esta vez nuestra secci\u00f3n de Profesionales Destacados. \u00a1Entra a conocerle!","robots":{"index":"index","follow":"follow","max-snippet":"max-snippet:-1","max-image-preview":"max-image-preview:large","max-video-preview":"max-video-preview:-1"},"canonical":"https:\/\/www.cronoshare.com\/blog\/profesionales-destacados-cronoshare-entrevista-rafael-cuevas-socialcomm\/","og_locale":"es_ES","og_type":"article","og_title":"Profesionales Destacados de Cronoshare: Entrevista a Rafael Cuevas de Socialcomm","og_description":"Rafael Cuevas es un social media manager que protagoniza esta vez nuestra secci\u00f3n de Profesionales Destacados. \u00a1Entra a conocerle!","og_url":"https:\/\/www.cronoshare.com\/blog\/profesionales-destacados-cronoshare-entrevista-rafael-cuevas-socialcomm\/","og_site_name":"Blog de Cronoshare","article_published_time":"2018-07-05T15:11:14+00:00","article_modified_time":"2018-07-05T15:32:06+00:00","og_image":[{"width":720,"height":400,"url":"https:\/\/www.cronoshare.com\/blog\/wp-content\/uploads\/2018\/07\/Profesionales-Destacados-Socialcomm.jpg","type":"image\/jpeg"}],"author":"Celia Arroyo","twitter_card":"summary","twitter_misc":{"Escrito por":"Celia Arroyo","Tiempo de lectura":"3 minutos"},"schema":{"@context":"https:\/\/schema.org","@graph":[{"@type":"WebSite","@id":"https:\/\/www.cronoshare.com\/blog\/#website","url":"https:\/\/www.cronoshare.com\/blog\/","name":"Blog de Cronoshare","description":"Encuentra los Mejores Profesionales de Servicios Locales","potentialAction":[{"@type":"SearchAction","target":{"@type":"EntryPoint","urlTemplate":"https:\/\/www.cronoshare.com\/blog\/?s={search_term_string}"},"query-input":"required name=search_term_string"}],"inLanguage":"es"},{"@type":"ImageObject","inLanguage":"es","@id":"https:\/\/www.cronoshare.com\/blog\/profesionales-destacados-cronoshare-entrevista-rafael-cuevas-socialcomm\/#primaryimage","url":"https:\/\/www.cronoshare.com\/blog\/wp-content\/uploads\/2018\/07\/Profesionales-Destacados-Socialcomm.jpg","contentUrl":"https:\/\/www.cronoshare.com\/blog\/wp-content\/uploads\/2018\/07\/Profesionales-Destacados-Socialcomm.jpg","width":720,"height":400,"caption":"Profesionales Destacados Rafael Cuevas de Socialcomm"},{"@type":"WebPage","@id":"https:\/\/www.cronoshare.com\/blog\/profesionales-destacados-cronoshare-entrevista-rafael-cuevas-socialcomm\/#webpage","url":"https:\/\/www.cronoshare.com\/blog\/profesionales-destacados-cronoshare-entrevista-rafael-cuevas-socialcomm\/","name":"Profesionales Destacados de Cronoshare: Entrevista a Rafael Cuevas de Socialcomm","isPartOf":{"@id":"https:\/\/www.cronoshare.com\/blog\/#website"},"primaryImageOfPage":{"@id":"https:\/\/www.cronoshare.com\/blog\/profesionales-destacados-cronoshare-entrevista-rafael-cuevas-socialcomm\/#primaryimage"},"datePublished":"2018-07-05T15:11:14+00:00","dateModified":"2018-07-05T15:32:06+00:00","author":{"@id":"https:\/\/www.cronoshare.com\/blog\/#\/schema\/person\/d7c2f8b2690d6f9815a9d2f7999c36f9"},"description":"Rafael Cuevas es un social media manager que protagoniza esta vez nuestra secci\u00f3n de Profesionales Destacados. \u00a1Entra a conocerle!","breadcrumb":{"@id":"https:\/\/www.cronoshare.com\/blog\/profesionales-destacados-cronoshare-entrevista-rafael-cuevas-socialcomm\/#breadcrumb"},"inLanguage":"es","potentialAction":[{"@type":"ReadAction","target":["https:\/\/www.cronoshare.com\/blog\/profesionales-destacados-cronoshare-entrevista-rafael-cuevas-socialcomm\/"]}]},{"@type":"BreadcrumbList","@id":"https:\/\/www.cronoshare.com\/blog\/profesionales-destacados-cronoshare-entrevista-rafael-cuevas-socialcomm\/#breadcrumb","itemListElement":[{"@type":"ListItem","position":1,"name":"Portada","item":"https:\/\/www.cronoshare.com\/blog\/"},{"@type":"ListItem","position":2,"name":"Profesionales Destacados de Cronoshare: Entrevista a Rafael Cuevas de Socialcomm"}]},{"@type":"Person","@id":"https:\/\/www.cronoshare.com\/blog\/#\/schema\/person\/d7c2f8b2690d6f9815a9d2f7999c36f9","name":"Celia Arroyo","image":{"@type":"ImageObject","inLanguage":"es","@id":"https:\/\/www.cronoshare.com\/blog\/#\/schema\/person\/image\/","url":"https:\/\/secure.gravatar.com\/avatar\/fe09dd60bd27aab7079a1254b45b95d3?s=96&d=mm&r=g","contentUrl":"https:\/\/secure.gravatar.com\/avatar\/fe09dd60bd27aab7079a1254b45b95d3?s=96&d=mm&r=g","caption":"Celia Arroyo"},"description":"Digital Marketing Assistant en Cronoshare. Su amor por la escritura la impuls\u00f3 a estudiar el Grado de Estudios Hisp\u00e1nicos en la Universidad de Valencia. M\u00e1s tarde se adentr\u00f3 en el mundo del Marketing de la mano de la Escuela de Organizaci\u00f3n Industrial y ha seguido especializ\u00e1ndose en la redacci\u00f3n de contenidos a trav\u00e9s de m\u00faltiples cursos.","url":"https:\/\/www.cronoshare.com\/blog\/author\/celia\/"}]}},"_links":{"self":[{"href":"https:\/\/www.cronoshare.com\/blog\/wp-json\/wp\/v2\/posts\/9126"}],"collection":[{"href":"https:\/\/www.cronoshare.com\/blog\/wp-json\/wp\/v2\/posts"}],"about":[{"href":"https:\/\/www.cronoshare.com\/blog\/wp-json\/wp\/v2\/types\/post"}],"author":[{"embeddable":true,"href":"https:\/\/www.cronoshare.com\/blog\/wp-json\/wp\/v2\/users\/9"}],"replies":[{"embeddable":true,"href":"https:\/\/www.cronoshare.com\/blog\/wp-json\/wp\/v2\/comments?post=9126"}],"version-history":[{"count":4,"href":"https:\/\/www.cronoshare.com\/blog\/wp-json\/wp\/v2\/posts\/9126\/revisions"}],"predecessor-version":[{"id":9131,"href":"https:\/\/www.cronoshare.com\/blog\/wp-json\/wp\/v2\/posts\/9126\/revisions\/9131"}],"wp:featuredmedia":[{"embeddable":true,"href":"https:\/\/www.cronoshare.com\/blog\/wp-json\/wp\/v2\/media\/9127"}],"wp:attachment":[{"href":"https:\/\/www.cronoshare.com\/blog\/wp-json\/wp\/v2\/media?parent=9126"}],"wp:term":[{"taxonomy":"category","embeddable":true,"href":"https:\/\/www.cronoshare.com\/blog\/wp-json\/wp\/v2\/categories?post=9126"},{"taxonomy":"post_tag","embeddable":true,"href":"https:\/\/www.cronoshare.com\/blog\/wp-json\/wp\/v2\/tags?post=9126"}],"curies":[{"name":"wp","href":"https:\/\/api.w.org\/{rel}","templated":true}]}}