{"id":9371,"date":"2018-07-19T16:23:25","date_gmt":"2018-07-19T14:23:25","guid":{"rendered":"https:\/\/www.cronoshare.com\/blog\/?p=9371"},"modified":"2018-07-19T16:23:25","modified_gmt":"2018-07-19T14:23:25","slug":"profesionales-destacados-cronoshare-entrevista-empar-lilie-vidal","status":"publish","type":"post","link":"https:\/\/www.cronoshare.com\/blog\/profesionales-destacados-cronoshare-entrevista-empar-lilie-vidal\/","title":{"rendered":"Profesionales Destacados de Cronoshare: Entrevista a Empar Lilie Vidal"},"content":{"rendered":"<p><a href=\"https:\/\/www.cronoshare.com\/croner-1463325-empar-l\" target=\"_blank\">Empar Lilie Vidal<\/a> se dedica al Dise\u00f1o Gr\u00e1fico desde hace m\u00e1s de cuatro a\u00f1os; m\u00e1s concretamente, a todo lo relacionado con la Identidad Corporativa.<\/p>\n<p>Actualmente trabaja como Freelance, pero tampoco duda en recurrir a su red de colaboradores cuando el proyecto lo requiere, para que el cliente no necesite contactar con m\u00e1s proveedores de servicios.<\/p>\n<p><img loading=\"lazy\" src=\"https:\/\/www.cronoshare.com\/blog\/wp-content\/uploads\/2018\/07\/Profesionales-Destacados-Empar-Lilie.jpg\" alt=\"Profesionales Destacados Empar Lilie\" width=\"720\" height=\"400\" class=\"alignnone size-full wp-image-9372\" \/><\/p>\n<p><strong>Empar Lilie Vidal<\/strong> protagoniza esta vez la secci\u00f3n de <strong><a href=\"https:\/\/www.cronoshare.com\/blog\/tag\/entrevistas\/\" rel=\"noopener\" target=\"_blank\">entrevistas a los profesionales destacados de Cronoshare<\/a><\/strong>. Aqu\u00ed daremos mensualmente voz a los mejores profesionales que han confiado en <a title=\"Encuentra clientes cercanos a ti para tu negocio\" href=\"https:\/\/www.cronoshare.com\/registrar-empresa?ctm_source=blog&#038;ctm_medium=blog&#038;ctm_campaign=profesionales-destacados-cronoshare-entrevista-empar-lilie-vidal\" target=\"_blank\">Cronoshare<\/a>.  <\/p>\n<p>As\u00ed, nos contar\u00e1n sus experiencias y an\u00e9cdotas y ofrecer\u00e1n sus mejores consejos a toda la comunidad de profesionales.<\/p>\n<div class=\"message_box announce txt-center\">\n<strong>\u00bfQuieres empezar a conseguir clientes para tu negocio?<\/strong><br \/>\n<br \/><a class=\"btn btn-naranja btn-lg\" href=\"https:\/\/www.cronoshare.com\/registrar-empresa?ctm_source=blog&#038;ctm_medium=blog&#038;ctm_campaign=profesionales-destacados-cronoshare-entrevista-empar-lilie-vidal\">REG\u00cdSTRATE GRATIS<\/a><\/div>\n<div class=\"border-gray\" style=\"display:table; width:100%;\">\n<div style=\"width:80%; display:table-cell; vertical-align: top;\">\n<p><strong>Nombre: <\/strong>Empar Lilie Vidal<\/p>\n<p><strong>Sector profesional:<\/strong> Dise\u00f1o Gr\u00e1fico<\/p>\n<p><strong>Zona de trabajo:<\/strong> Las Palmas de Gran Canaria (Las Palmas)<\/p>\n<p><strong>Valoraci\u00f3n media de clientes:<\/strong> 10<\/p>\n<\/div>\n<div style=\"width:20%; display:table-cell;\">\n<p><script id=cronoscript src=https:\/\/www.cronoshare.com\/assets\/cronoSealWidget-ba977fd463539c4e3a5e7cec83eb3f99.js type=text\/javascript domain=https:\/\/www.cronoshare.com csspath=\/assets\/cronoSealWidget-52f5233eb11e6c3ed182e1da0bd37823.css><\/script><a href=\"https:\/\/www.cronoshare.com\/croner-1463325-empar-l\" target=_blank title=\"Mira el perfil de Empar Lilie Vidal, Dise\u00f1adora gr\u00e1fica en Cronoshare\" class=cronoWidget style=\"display: block; width: 186px; height: 186px\"><img class=cronoWidget src=https:\/\/www.cronoshare.com\/assets\/badges\/round-b-es-2018-affae3b74f794e73a4f6a2fc94ab5939.svg style=\"width: 186px; height: 186px\"><\/a><\/p>\n<\/div>\n<\/div>\n<p><\/p>\n<h1>Profesionales Destacados de Cronoshare: Empar Lilie Vidal<\/h1>\n<p><strong>\u00bfC\u00f3mo y cu\u00e1ndo decidiste empezar a colaborar en Cronoshare?<\/strong><\/p>\n<p>Empec\u00e9 a colaborar con Cronoshare hace alrededor de 4 meses. <\/p>\n<p><strong>\u00bfQu\u00e9 te gusta de tu trabajo? \u00bfQu\u00e9 te diferencia del resto de profesionales de tu sector?<\/strong><\/p>\n<p>Lo que m\u00e1s me gusta de mi trabajo es ver c\u00f3mo lo que en un principio parece una simple idea puede llegar a materializarse, a tener su propia personalidad.<\/p>\n<p>As\u00ed pues, a lo que doy m\u00e1s importancia es al contacto con el cliente. Me gusta escuchar y trabajar en equipo. Creo que lo que principalmente me diferencia es la implicaci\u00f3n. Yo tambi\u00e9n empec\u00e9 con una idea y, por tanto, comprendo lo que significa estar en la fase de inicio.<\/p>\n<p><strong>\u00bfQu\u00e9 desear\u00edas haber sabido cuando comenzaste a usar Cronoshare?<\/strong><\/p>\n<p>Aunque ya lo sab\u00eda, me hubiera gustado tener m\u00e1s presente la importancia de la empat\u00eda a la hora de llevar a cabo los proyectos.<\/p>\n<p><strong>\u00bfCu\u00e1ntos clientes o trabajos has conseguido con nosotros? Pon algunos ejemplos si los recuerdas.<\/strong><\/p>\n<p>Por ahora he conseguido 3, todos ellos relacionados con la Imagen de Marca.<\/p>\n<div class=\"message_box note txt-center\">\n<img loading=\"lazy\" src=\"https:\/\/www.cronoshare.com\/blog\/wp-content\/uploads\/2017\/10\/stars.png\" alt=\"stars\" width=\"250\" height=\"44\" class=\"aligncenter size-full wp-image-4701\" \/><\/p>\n<p><strong>Opini\u00f3n de cliente destacada<\/strong><br \/>\n<left>Luciano ha opinado: Nada que destacar<\/left><br \/>\n<center><strong>Nota: 10<\/strong><br \/>\nLuciano, 14-06-2018<\/center>\n<\/div>\n<div class=\"message_box announce txt-center\">\n<strong>Otras opiniones<\/strong><\/p>\n<p>Luisa, 02-07-2018<br \/>\nHe contratado a Empar para que realizara el logo de mi empresa, y ha sido muy efectiva y profesional. No s\u00f3lo ha desempe\u00f1ado un buen trabajo, sino que ha sido muy puntual en la entrega. Se establecieron los tiempos en una primera reuni\u00f3n e incluso se anticip\u00f3 en la entrega. Estoy contenta con el resultado y espero poder seguir trabajando con ella. La recomiendo.\n<\/p><\/div>\n<p><strong>\u00bfQu\u00e9 pasos o m\u00e9todo sigues para contactar y\/o conseguir un cliente o trabajo?<\/strong><\/p>\n<p>Les llamo por tel\u00e9fono para informarles de que he le\u00eddo su anuncio y que estoy interesada y, a continuaci\u00f3n, les env\u00edo la documentaci\u00f3n requerida por E-Mail.<\/p>\n<p><strong>\u00bfTienes alguna an\u00e9cdota interesante sobre alg\u00fan cliente? <\/strong><\/p>\n<p>Hasta el momento, lo que m\u00e1s me ha gustado de Cronoshare es que la relaci\u00f3n con mis clientes no se ha acabado con el proyecto de este portal, sino que se han abierto puertas a nuevos trabajos.<\/p>\n<p><strong>\u00bfQu\u00e9 consejos le dar\u00edas a los profesionales que quieren empezar a colaborar en Cronoshare?<\/strong><\/p>\n<p>Que tengan paciencia, que no se desanimen. El primer cliente puede que cueste un poco pero, a partir de ah\u00ed, empiezan a llegar m\u00e1s. Eso s\u00ed, y muy importante: este primero debe ser para ti como el proyecto de tu vida.<\/p>\n<div class=\"message_box announce txt-center\">\n<strong>\u00bfQuieres empezar a conseguir clientes para tu negocio?<\/strong><br \/>\n<br \/><a class=\"btn btn-naranja btn-lg\" href=\"https:\/\/www.cronoshare.com\/registrar-empresa?ctm_source=blog&#038;ctm_medium=blog&#038;ctm_campaign=profesionales-destacados-cronoshare-entrevista-empar-lilie-vidal\">REG\u00cdSTRATE GRATIS<\/a><\/div>\n<div class=\"message_box box-interview\">\n<img loading=\"lazy\" src=\"https:\/\/www.cronoshare.com\/blog\/wp-content\/uploads\/2018\/09\/ico_interview.png\" alt=\"ico_interview\" width=\"40\" height=\"40\" class=\"alignleft size-full wp-image-10016\" \/><\/p>\n<p style=\"font-size:14px;\">Si eres un profesional de Cronoshare y quieres aparecer en nuestra secci\u00f3n de Profesionales Destacados, puedes obtener m\u00e1s informaci\u00f3n sobre c\u00f3mo conseguirlo a trav\u00e9s de <a href=\"https:\/\/soporte.cronoshare.com\/hc\/es\/articles\/360015325872\">este enlace<\/a>.<\/p>\n<\/div>\n","protected":false},"excerpt":{"rendered":"<p>Empar Lilie Vidal se dedica al Dise\u00f1o Gr\u00e1fico desde hace m\u00e1s de cuatro a\u00f1os; m\u00e1s concretamente, a todo lo relacionado con la Identidad Corporativa. Actualmente trabaja como Freelance, pero tampoco duda en recurrir a su red de colaboradores cuando el proyecto lo requiere, para que el cliente no necesite contactar con m\u00e1s proveedores de servicios. [&hellip;]<\/p>\n","protected":false},"author":9,"featured_media":9372,"comment_status":"open","ping_status":"closed","sticky":false,"template":"","format":"standard","meta":[],"categories":[3211],"tags":[3210],"yoast_head":"<!-- This site is optimized with the Yoast SEO Premium plugin v18.8 (Yoast SEO v19.2) - https:\/\/yoast.com\/wordpress\/plugins\/seo\/ -->\n<title>Profesionales Destacados de Cronoshare: Entrevista a Empar Lilie Vidal<\/title>\n<meta name=\"description\" content=\"Empar Lilie Vidal es una dise\u00f1adora gr\u00e1fica que protagoniza esta vez nuestra secci\u00f3n de Profesionales Destacados. \u00a1Entra a conocerla!\" \/>\n<meta name=\"robots\" content=\"index, follow, max-snippet:-1, max-image-preview:large, max-video-preview:-1\" \/>\n<link rel=\"canonical\" href=\"https:\/\/www.cronoshare.com\/blog\/profesionales-destacados-cronoshare-entrevista-empar-lilie-vidal\/\" \/>\n<meta property=\"og:locale\" content=\"es_ES\" \/>\n<meta property=\"og:type\" content=\"article\" \/>\n<meta property=\"og:title\" content=\"Profesionales Destacados de Cronoshare: Entrevista a Empar Lilie Vidal\" \/>\n<meta property=\"og:description\" content=\"Empar Lilie Vidal es una dise\u00f1adora gr\u00e1fica que protagoniza esta vez nuestra secci\u00f3n de Profesionales Destacados. \u00a1Entra a conocerla!\" \/>\n<meta property=\"og:url\" content=\"https:\/\/www.cronoshare.com\/blog\/profesionales-destacados-cronoshare-entrevista-empar-lilie-vidal\/\" \/>\n<meta property=\"og:site_name\" content=\"Blog de Cronoshare\" \/>\n<meta property=\"article:published_time\" content=\"2018-07-19T14:23:25+00:00\" \/>\n<meta property=\"og:image\" content=\"https:\/\/www.cronoshare.com\/blog\/wp-content\/uploads\/2018\/07\/Profesionales-Destacados-Empar-Lilie.jpg\" \/>\n\t<meta property=\"og:image:width\" content=\"720\" \/>\n\t<meta property=\"og:image:height\" content=\"400\" \/>\n\t<meta property=\"og:image:type\" content=\"image\/jpeg\" \/>\n<meta name=\"author\" content=\"Celia Arroyo\" \/>\n<meta name=\"twitter:card\" content=\"summary\" \/>\n<meta name=\"twitter:label1\" content=\"Escrito por\" \/>\n\t<meta name=\"twitter:data1\" content=\"Celia Arroyo\" \/>\n\t<meta name=\"twitter:label2\" content=\"Tiempo de lectura\" \/>\n\t<meta name=\"twitter:data2\" content=\"3 minutos\" \/>\n<script type=\"application\/ld+json\" class=\"yoast-schema-graph\">{\"@context\":\"https:\/\/schema.org\",\"@graph\":[{\"@type\":\"WebSite\",\"@id\":\"https:\/\/www.cronoshare.com\/blog\/#website\",\"url\":\"https:\/\/www.cronoshare.com\/blog\/\",\"name\":\"Blog de Cronoshare\",\"description\":\"Encuentra los Mejores Profesionales de Servicios Locales\",\"potentialAction\":[{\"@type\":\"SearchAction\",\"target\":{\"@type\":\"EntryPoint\",\"urlTemplate\":\"https:\/\/www.cronoshare.com\/blog\/?s={search_term_string}\"},\"query-input\":\"required name=search_term_string\"}],\"inLanguage\":\"es\"},{\"@type\":\"ImageObject\",\"inLanguage\":\"es\",\"@id\":\"https:\/\/www.cronoshare.com\/blog\/profesionales-destacados-cronoshare-entrevista-empar-lilie-vidal\/#primaryimage\",\"url\":\"https:\/\/www.cronoshare.com\/blog\/wp-content\/uploads\/2018\/07\/Profesionales-Destacados-Empar-Lilie.jpg\",\"contentUrl\":\"https:\/\/www.cronoshare.com\/blog\/wp-content\/uploads\/2018\/07\/Profesionales-Destacados-Empar-Lilie.jpg\",\"width\":720,\"height\":400,\"caption\":\"Profesionales Destacados Empar Lilie\"},{\"@type\":\"WebPage\",\"@id\":\"https:\/\/www.cronoshare.com\/blog\/profesionales-destacados-cronoshare-entrevista-empar-lilie-vidal\/#webpage\",\"url\":\"https:\/\/www.cronoshare.com\/blog\/profesionales-destacados-cronoshare-entrevista-empar-lilie-vidal\/\",\"name\":\"Profesionales Destacados de Cronoshare: Entrevista a Empar Lilie Vidal\",\"isPartOf\":{\"@id\":\"https:\/\/www.cronoshare.com\/blog\/#website\"},\"primaryImageOfPage\":{\"@id\":\"https:\/\/www.cronoshare.com\/blog\/profesionales-destacados-cronoshare-entrevista-empar-lilie-vidal\/#primaryimage\"},\"datePublished\":\"2018-07-19T14:23:25+00:00\",\"dateModified\":\"2018-07-19T14:23:25+00:00\",\"author\":{\"@id\":\"https:\/\/www.cronoshare.com\/blog\/#\/schema\/person\/d7c2f8b2690d6f9815a9d2f7999c36f9\"},\"description\":\"Empar Lilie Vidal es una dise\u00f1adora gr\u00e1fica que protagoniza esta vez nuestra secci\u00f3n de Profesionales Destacados. \u00a1Entra a conocerla!\",\"breadcrumb\":{\"@id\":\"https:\/\/www.cronoshare.com\/blog\/profesionales-destacados-cronoshare-entrevista-empar-lilie-vidal\/#breadcrumb\"},\"inLanguage\":\"es\",\"potentialAction\":[{\"@type\":\"ReadAction\",\"target\":[\"https:\/\/www.cronoshare.com\/blog\/profesionales-destacados-cronoshare-entrevista-empar-lilie-vidal\/\"]}]},{\"@type\":\"BreadcrumbList\",\"@id\":\"https:\/\/www.cronoshare.com\/blog\/profesionales-destacados-cronoshare-entrevista-empar-lilie-vidal\/#breadcrumb\",\"itemListElement\":[{\"@type\":\"ListItem\",\"position\":1,\"name\":\"Portada\",\"item\":\"https:\/\/www.cronoshare.com\/blog\/\"},{\"@type\":\"ListItem\",\"position\":2,\"name\":\"Profesionales Destacados de Cronoshare: Entrevista a Empar Lilie Vidal\"}]},{\"@type\":\"Person\",\"@id\":\"https:\/\/www.cronoshare.com\/blog\/#\/schema\/person\/d7c2f8b2690d6f9815a9d2f7999c36f9\",\"name\":\"Celia Arroyo\",\"image\":{\"@type\":\"ImageObject\",\"inLanguage\":\"es\",\"@id\":\"https:\/\/www.cronoshare.com\/blog\/#\/schema\/person\/image\/\",\"url\":\"https:\/\/secure.gravatar.com\/avatar\/fe09dd60bd27aab7079a1254b45b95d3?s=96&d=mm&r=g\",\"contentUrl\":\"https:\/\/secure.gravatar.com\/avatar\/fe09dd60bd27aab7079a1254b45b95d3?s=96&d=mm&r=g\",\"caption\":\"Celia Arroyo\"},\"description\":\"Digital Marketing Assistant en Cronoshare. Su amor por la escritura la impuls\u00f3 a estudiar el Grado de Estudios Hisp\u00e1nicos en la Universidad de Valencia. M\u00e1s tarde se adentr\u00f3 en el mundo del Marketing de la mano de la Escuela de Organizaci\u00f3n Industrial y ha seguido especializ\u00e1ndose en la redacci\u00f3n de contenidos a trav\u00e9s de m\u00faltiples cursos.\",\"url\":\"https:\/\/www.cronoshare.com\/blog\/author\/celia\/\"}]}<\/script>\n<!-- \/ Yoast SEO Premium plugin. -->","yoast_head_json":{"title":"Profesionales Destacados de Cronoshare: Entrevista a Empar Lilie Vidal","description":"Empar Lilie Vidal es una dise\u00f1adora gr\u00e1fica que protagoniza esta vez nuestra secci\u00f3n de Profesionales Destacados. \u00a1Entra a conocerla!","robots":{"index":"index","follow":"follow","max-snippet":"max-snippet:-1","max-image-preview":"max-image-preview:large","max-video-preview":"max-video-preview:-1"},"canonical":"https:\/\/www.cronoshare.com\/blog\/profesionales-destacados-cronoshare-entrevista-empar-lilie-vidal\/","og_locale":"es_ES","og_type":"article","og_title":"Profesionales Destacados de Cronoshare: Entrevista a Empar Lilie Vidal","og_description":"Empar Lilie Vidal es una dise\u00f1adora gr\u00e1fica que protagoniza esta vez nuestra secci\u00f3n de Profesionales Destacados. \u00a1Entra a conocerla!","og_url":"https:\/\/www.cronoshare.com\/blog\/profesionales-destacados-cronoshare-entrevista-empar-lilie-vidal\/","og_site_name":"Blog de Cronoshare","article_published_time":"2018-07-19T14:23:25+00:00","og_image":[{"width":720,"height":400,"url":"https:\/\/www.cronoshare.com\/blog\/wp-content\/uploads\/2018\/07\/Profesionales-Destacados-Empar-Lilie.jpg","type":"image\/jpeg"}],"author":"Celia Arroyo","twitter_card":"summary","twitter_misc":{"Escrito por":"Celia Arroyo","Tiempo de lectura":"3 minutos"},"schema":{"@context":"https:\/\/schema.org","@graph":[{"@type":"WebSite","@id":"https:\/\/www.cronoshare.com\/blog\/#website","url":"https:\/\/www.cronoshare.com\/blog\/","name":"Blog de Cronoshare","description":"Encuentra los Mejores Profesionales de Servicios Locales","potentialAction":[{"@type":"SearchAction","target":{"@type":"EntryPoint","urlTemplate":"https:\/\/www.cronoshare.com\/blog\/?s={search_term_string}"},"query-input":"required name=search_term_string"}],"inLanguage":"es"},{"@type":"ImageObject","inLanguage":"es","@id":"https:\/\/www.cronoshare.com\/blog\/profesionales-destacados-cronoshare-entrevista-empar-lilie-vidal\/#primaryimage","url":"https:\/\/www.cronoshare.com\/blog\/wp-content\/uploads\/2018\/07\/Profesionales-Destacados-Empar-Lilie.jpg","contentUrl":"https:\/\/www.cronoshare.com\/blog\/wp-content\/uploads\/2018\/07\/Profesionales-Destacados-Empar-Lilie.jpg","width":720,"height":400,"caption":"Profesionales Destacados Empar Lilie"},{"@type":"WebPage","@id":"https:\/\/www.cronoshare.com\/blog\/profesionales-destacados-cronoshare-entrevista-empar-lilie-vidal\/#webpage","url":"https:\/\/www.cronoshare.com\/blog\/profesionales-destacados-cronoshare-entrevista-empar-lilie-vidal\/","name":"Profesionales Destacados de Cronoshare: Entrevista a Empar Lilie Vidal","isPartOf":{"@id":"https:\/\/www.cronoshare.com\/blog\/#website"},"primaryImageOfPage":{"@id":"https:\/\/www.cronoshare.com\/blog\/profesionales-destacados-cronoshare-entrevista-empar-lilie-vidal\/#primaryimage"},"datePublished":"2018-07-19T14:23:25+00:00","dateModified":"2018-07-19T14:23:25+00:00","author":{"@id":"https:\/\/www.cronoshare.com\/blog\/#\/schema\/person\/d7c2f8b2690d6f9815a9d2f7999c36f9"},"description":"Empar Lilie Vidal es una dise\u00f1adora gr\u00e1fica que protagoniza esta vez nuestra secci\u00f3n de Profesionales Destacados. \u00a1Entra a conocerla!","breadcrumb":{"@id":"https:\/\/www.cronoshare.com\/blog\/profesionales-destacados-cronoshare-entrevista-empar-lilie-vidal\/#breadcrumb"},"inLanguage":"es","potentialAction":[{"@type":"ReadAction","target":["https:\/\/www.cronoshare.com\/blog\/profesionales-destacados-cronoshare-entrevista-empar-lilie-vidal\/"]}]},{"@type":"BreadcrumbList","@id":"https:\/\/www.cronoshare.com\/blog\/profesionales-destacados-cronoshare-entrevista-empar-lilie-vidal\/#breadcrumb","itemListElement":[{"@type":"ListItem","position":1,"name":"Portada","item":"https:\/\/www.cronoshare.com\/blog\/"},{"@type":"ListItem","position":2,"name":"Profesionales Destacados de Cronoshare: Entrevista a Empar Lilie Vidal"}]},{"@type":"Person","@id":"https:\/\/www.cronoshare.com\/blog\/#\/schema\/person\/d7c2f8b2690d6f9815a9d2f7999c36f9","name":"Celia Arroyo","image":{"@type":"ImageObject","inLanguage":"es","@id":"https:\/\/www.cronoshare.com\/blog\/#\/schema\/person\/image\/","url":"https:\/\/secure.gravatar.com\/avatar\/fe09dd60bd27aab7079a1254b45b95d3?s=96&d=mm&r=g","contentUrl":"https:\/\/secure.gravatar.com\/avatar\/fe09dd60bd27aab7079a1254b45b95d3?s=96&d=mm&r=g","caption":"Celia Arroyo"},"description":"Digital Marketing Assistant en Cronoshare. Su amor por la escritura la impuls\u00f3 a estudiar el Grado de Estudios Hisp\u00e1nicos en la Universidad de Valencia. M\u00e1s tarde se adentr\u00f3 en el mundo del Marketing de la mano de la Escuela de Organizaci\u00f3n Industrial y ha seguido especializ\u00e1ndose en la redacci\u00f3n de contenidos a trav\u00e9s de m\u00faltiples cursos.","url":"https:\/\/www.cronoshare.com\/blog\/author\/celia\/"}]}},"_links":{"self":[{"href":"https:\/\/www.cronoshare.com\/blog\/wp-json\/wp\/v2\/posts\/9371"}],"collection":[{"href":"https:\/\/www.cronoshare.com\/blog\/wp-json\/wp\/v2\/posts"}],"about":[{"href":"https:\/\/www.cronoshare.com\/blog\/wp-json\/wp\/v2\/types\/post"}],"author":[{"embeddable":true,"href":"https:\/\/www.cronoshare.com\/blog\/wp-json\/wp\/v2\/users\/9"}],"replies":[{"embeddable":true,"href":"https:\/\/www.cronoshare.com\/blog\/wp-json\/wp\/v2\/comments?post=9371"}],"version-history":[{"count":4,"href":"https:\/\/www.cronoshare.com\/blog\/wp-json\/wp\/v2\/posts\/9371\/revisions"}],"predecessor-version":[{"id":9378,"href":"https:\/\/www.cronoshare.com\/blog\/wp-json\/wp\/v2\/posts\/9371\/revisions\/9378"}],"wp:featuredmedia":[{"embeddable":true,"href":"https:\/\/www.cronoshare.com\/blog\/wp-json\/wp\/v2\/media\/9372"}],"wp:attachment":[{"href":"https:\/\/www.cronoshare.com\/blog\/wp-json\/wp\/v2\/media?parent=9371"}],"wp:term":[{"taxonomy":"category","embeddable":true,"href":"https:\/\/www.cronoshare.com\/blog\/wp-json\/wp\/v2\/categories?post=9371"},{"taxonomy":"post_tag","embeddable":true,"href":"https:\/\/www.cronoshare.com\/blog\/wp-json\/wp\/v2\/tags?post=9371"}],"curies":[{"name":"wp","href":"https:\/\/api.w.org\/{rel}","templated":true}]}}